{"id":34276,"date":"2026-04-30T11:14:44","date_gmt":"2026-04-30T09:14:44","guid":{"rendered":"https:\/\/passaparola.info\/web\/?p=34276"},"modified":"2026-04-30T11:15:30","modified_gmt":"2026-04-30T09:15:30","slug":"attacco-alla-global-sumud-flotilla-al-largo-di-creta","status":"publish","type":"post","link":"https:\/\/passaparola.info\/web\/2026\/04\/30\/attacco-alla-global-sumud-flotilla-al-largo-di-creta\/","title":{"rendered":"Attacco alla Global Sumud Flotilla al largo di Creta. Il fotografo italiano Molinari risulta rapito"},"content":{"rendered":"\n<p><strong>Stanotte la flottilla umanitaria  &#8211; che punta a rompere il blocco e consegnare aiuti a Gaza &#8211; \u00e8 stata intercettata in acque internazionali a ovest di Creta, con diverse imbarcazioni sequestrate dall&#8217;esercito israeliano. Il fotografo italiano Gildo Molinari, residente in Lussemburgo, risulta rapito durante l\u2019operazione. Alcune barche sono state danneggiate o abbandonate mentre si avvicina una tempesta.<br>Nonostante le richieste di aiuto, le autorit\u00e0 greche non sarebbero intervenute<\/strong><\/p>\n\n\n\n<p>Tracciamento &#8212;-&gt;<a href=\"https:\/\/www.globalsumudflotilla.org\/tracker\/\">Flotilla Tracker &#8211; Global Sumud Flotilla<\/a><\/p>\n\n\n\n<figure class=\"wp-block-image size-large\"><img  loading=\"lazy\"  width=\"1024\"  height=\"500\"  src=\"data:image\/png;base64,iVBORw0KGgoAAAANSUhEUgAAAAEAAAABAQMAAAAl21bKAAAAA1BMVEUAAP+KeNJXAAAAAXRSTlMAQObYZgAAAAlwSFlzAAAOxAAADsQBlSsOGwAAAApJREFUCNdjYAAAAAIAAeIhvDMAAAAASUVORK5CYII=\"  alt=\"\"  class=\"wp-image-34279 pk-lazyload\"  data-pk-sizes=\"auto\"  data-ls-sizes=\"(max-width: 1024px) 100vw, 1024px\"  data-pk-src=\"https:\/\/passaparola.info\/web\/wp-content\/uploads\/2026\/04\/flotilla-1024x500.png\"  data-pk-srcset=\"https:\/\/passaparola.info\/web\/wp-content\/uploads\/2026\/04\/flotilla-1024x500.png 1024w, https:\/\/passaparola.info\/web\/wp-content\/uploads\/2026\/04\/flotilla-300x147.png 300w, https:\/\/passaparola.info\/web\/wp-content\/uploads\/2026\/04\/flotilla-768x375.png 768w, https:\/\/passaparola.info\/web\/wp-content\/uploads\/2026\/04\/flotilla-800x391.png 800w, https:\/\/passaparola.info\/web\/wp-content\/uploads\/2026\/04\/flotilla-1160x567.png 1160w, https:\/\/passaparola.info\/web\/wp-content\/uploads\/2026\/04\/flotilla.png 1525w\" ><\/figure>\n\n\n\n<p>Le forze di occupazione israeliane hanno commesso un atto di pirateria in acque internazionali a ovest dell\u2019isola greca di Creta. Al momento \u00e8 stato confermato che Ermenegildo (Gildo) Molinari, cittadino lussemburghese di 37 anni, \u00e8 stato rapito. Sono state sequestrate 21 imbarcazioni, 1 imbarcazione \u00e8 stata sabotata e abbandonata mentre si avvicina una tempesta. Le altre 31 imbarcazioni sono riuscite a raggiungere le acque territoriali greche. Nonostante le richieste di soccorso inviate dalle imbarcazioni, le autorit\u00e0 greche non sono intervenute per prestare soccorso alle imbarcazioni, in violazione dell\u2019obbligo di soccorso alle imbarcazioni in pericolo.<\/p>\n\n\n\n<p>Seguir\u00e0 un comunicato pi\u00f9 dettagliato.<\/p>\n\n\n\n<p><strong>(Comunicato stampa | Global Movement to Gaza Luxembourg )<\/strong><\/p>\n\n\n\n<p>Leggi anche: <a href=\"https:\/\/passaparola.info\/web\/2026\/04\/20\/nella-global-sumud-flotilla-anche-il-fotografo-italiano-gildo-molinari-partito-dal-lussemburgo\/\" data-type=\"URL\" data-id=\"https:\/\/passaparola.info\/web\/2026\/04\/20\/nella-global-sumud-flotilla-anche-il-fotografo-italiano-gildo-molinari-partito-dal-lussemburgo\/\" target=\"_blank\" rel=\"noreferrer noopener\">QUI<\/a><\/p>\n","protected":false},"excerpt":{"rendered":"Stanotte la flottilla umanitaria &#8211; che punta a rompere il blocco e consegnare aiuti a Gaza &#8211; \u00e8 stata intercettata in acque internazionali a ovest di Creta, con diverse imbarcazioni sequestrate dall&#8217;esercito israeliano. Il fotografo italiano Gildo Molinari, residente in&hellip;\n","protected":false},"author":17,"featured_media":34281,"comment_status":"open","ping_status":"open","sticky":true,"template":"","format":"standard","meta":{"_seopress_robots_primary_cat":"none","_seopress_titles_title":"","_seopress_titles_desc":"","_seopress_robots_index":""},"categories":[4316],"tags":[15144,15096,15145,15147,13766,15143,15146],"_links":{"self":[{"href":"https:\/\/passaparola.info\/web\/wp-json\/wp\/v2\/posts\/34276"}],"collection":[{"href":"https:\/\/passaparola.info\/web\/wp-json\/wp\/v2\/posts"}],"about":[{"href":"https:\/\/passaparola.info\/web\/wp-json\/wp\/v2\/types\/post"}],"author":[{"embeddable":true,"href":"https:\/\/passaparola.info\/web\/wp-json\/wp\/v2\/users\/17"}],"replies":[{"embeddable":true,"href":"https:\/\/passaparola.info\/web\/wp-json\/wp\/v2\/comments?post=34276"}],"version-history":[{"count":6,"href":"https:\/\/passaparola.info\/web\/wp-json\/wp\/v2\/posts\/34276\/revisions"}],"predecessor-version":[{"id":34284,"href":"https:\/\/passaparola.info\/web\/wp-json\/wp\/v2\/posts\/34276\/revisions\/34284"}],"wp:featuredmedia":[{"embeddable":true,"href":"https:\/\/passaparola.info\/web\/wp-json\/wp\/v2\/media\/34281"}],"wp:attachment":[{"href":"https:\/\/passaparola.info\/web\/wp-json\/wp\/v2\/media?parent=34276"}],"wp:term":[{"taxonomy":"category","embeddable":true,"href":"https:\/\/passaparola.info\/web\/wp-json\/wp\/v2\/categories?post=34276"},{"taxonomy":"post_tag","embeddable":true,"href":"https:\/\/passaparola.info\/web\/wp-json\/wp\/v2\/tags?post=34276"}],"curies":[{"name":"wp","href":"https:\/\/api.w.org\/{rel}","templated":true}]}}