{"id":34257,"date":"2026-04-28T22:26:01","date_gmt":"2026-04-28T20:26:01","guid":{"rendered":"https:\/\/passaparola.info\/web\/?p=34257"},"modified":"2026-04-28T22:45:46","modified_gmt":"2026-04-28T20:45:46","slug":"matteo-mancuso-rockhal-talento-e-visione-contemporanea-intervista","status":"publish","type":"post","link":"https:\/\/passaparola.info\/web\/2026\/04\/28\/matteo-mancuso-rockhal-talento-e-visione-contemporanea-intervista\/","title":{"rendered":"Il siciliano Matteo Mancuso alla Rockhal: talento e visione contemporanea della chitarra. Ascolta l&#8217;intervista"},"content":{"rendered":"\n<p><strong>Il prossimo 3 maggio la<a rel=\"noreferrer noopener\" href=\"https:\/\/rockhal.lu\/shows\/matteo-mancuso-2026\/\" data-type=\"URL\" data-id=\"https:\/\/rockhal.lu\/shows\/matteo-mancuso-2026\/\" target=\"_blank\"> Rockhal<\/a> ospiter\u00e0 uno degli artisti pi\u00f9 sorprendenti della scena chitarristica internazionale: Matteo Mancuso. Il giovane musicista siciliano, gi\u00e0 acclamato da leggende del calibro di Al Di Meola, porter\u00e0 in Lussemburgo il suo stile unico, capace di fondere tecnica straordinaria e profonda musicalit\u00e0.<br>In occasione di questo appuntamento, abbiamo avuto l\u2019opportunit\u00e0 di intervistarlo, ripercorrendo le tappe principali della sua carriera<\/strong><\/p>\n\n\n\n<figure class=\"wp-block-image size-large\"><img  loading=\"lazy\"  width=\"1024\"  height=\"546\"  src=\"data:image\/png;base64,iVBORw0KGgoAAAANSUhEUgAAAAEAAAABAQMAAAAl21bKAAAAA1BMVEUAAP+KeNJXAAAAAXRSTlMAQObYZgAAAAlwSFlzAAAOxAAADsQBlSsOGwAAAApJREFUCNdjYAAAAAIAAeIhvDMAAAAASUVORK5CYII=\"  alt=\"\"  class=\"wp-image-34259 pk-lazyload\"  data-pk-sizes=\"auto\"  data-ls-sizes=\"(max-width: 1024px) 100vw, 1024px\"  data-pk-src=\"https:\/\/passaparola.info\/web\/wp-content\/uploads\/2026\/04\/mancuso-1024x546.jpg\"  data-pk-srcset=\"https:\/\/passaparola.info\/web\/wp-content\/uploads\/2026\/04\/mancuso-1024x546.jpg 1024w, https:\/\/passaparola.info\/web\/wp-content\/uploads\/2026\/04\/mancuso-300x160.jpg 300w, https:\/\/passaparola.info\/web\/wp-content\/uploads\/2026\/04\/mancuso-768x410.jpg 768w, https:\/\/passaparola.info\/web\/wp-content\/uploads\/2026\/04\/mancuso-260x140.jpg 260w, https:\/\/passaparola.info\/web\/wp-content\/uploads\/2026\/04\/mancuso-560x300.jpg 560w, https:\/\/passaparola.info\/web\/wp-content\/uploads\/2026\/04\/mancuso-800x427.jpg 800w, https:\/\/passaparola.info\/web\/wp-content\/uploads\/2026\/04\/mancuso-1160x619.jpg 1160w, https:\/\/passaparola.info\/web\/wp-content\/uploads\/2026\/04\/mancuso.jpg 1228w\" ><\/figure>\n\n\n\n<p>Mancuso si \u00e8 imposto rapidamente all\u2019attenzione globale grazie a un approccio innovativo alla chitarra elettrica, suonata senza plettro e con una precisione che richiama il linguaggio del pianoforte. Un talento costruito negli anni, tra studio rigoroso e una forte passione per generi diversi, dal jazz al rock fino alla musica fusion.<br>Durante l\u2019intervista, un momento centrale \u00e8 stato il racconto della sua collaborazione con<strong> Al Di Meola. <\/strong>Mancuso ha descritto questa esperienza come fondamentale per la sua crescita artistica: lavorare al fianco di una figura cos\u00ec influente gli ha permesso di affinare ulteriormente il proprio linguaggio musicale e di confrontarsi con una visione gi\u00e0 consolidata della musica contemporanea.<\/p>\n\n\n\n<p><br>Ampio spazio \u00e8 stato dedicato anche al suo ultimo lavoro discografico, \u201c<strong>Route 96\u201d<\/strong>. Il disco rappresenta una sintesi del suo percorso: composizioni originali, arrangiamenti curati e una continua ricerca sonora che unisce virtuosismo e sensibilit\u00e0 melodica.<br>L\u2019appuntamento alla Rockhal si preannuncia dunque come un\u2019occasione imperdibile per ascoltare dal vivo un artista &#8211; accompagnato da Christian Mascetta, Riccardo Oliva, Gianluca Pellerito &#8211;  che sta ridefinendo i confini della chitarra moderna. Tra tecnica impeccabile e una visione musicale in continua evoluzione, Matteo Mancuso si conferma una delle voci pi\u00f9 interessanti della nuova generazione.<\/p>\n\n\n\n<p><strong>Paolo Travelli<\/strong><\/p>\n\n\n\n<figure class=\"wp-block-embed-soundcloud wp-block-embed is-type-rich is-provider-soundcloud wp-embed-aspect-4-3 wp-has-aspect-ratio\"><div class=\"wp-block-embed__wrapper\">\n<div class=\"cs-embed cs-embed-responsive\"><iframe title=\"Matteo Mancuso by voicesbypassaparola\" width=\"1200\" height=\"400\" scrolling=\"no\" frameborder=\"no\" src=\"https:\/\/w.soundcloud.com\/player\/?visual=true&#038;url=https%3A%2F%2Fapi.soundcloud.com%2Ftracks%2F2310865850&#038;show_artwork=true&#038;maxheight=1000&#038;maxwidth=1200\"><\/iframe><\/div>\n<\/div><\/figure>\n","protected":false},"excerpt":{"rendered":"Il prossimo 3 maggio la Rockhal ospiter\u00e0 uno degli artisti pi\u00f9 sorprendenti della scena chitarristica internazionale: Matteo Mancuso. Il giovane musicista siciliano, gi\u00e0 acclamato da leggende del calibro di Al Di Meola, porter\u00e0 in Lussemburgo il suo stile unico, capace&hellip;\n","protected":false},"author":2,"featured_media":34259,"comment_status":"open","ping_status":"open","sticky":false,"template":"","format":"standard","meta":{"_seopress_robots_primary_cat":"none","_seopress_titles_title":"","_seopress_titles_desc":"","_seopress_robots_index":""},"categories":[14695,29,7649],"tags":[1058,737,15132,70,15134,15133,176,15131,3453,15135,15136],"_links":{"self":[{"href":"https:\/\/passaparola.info\/web\/wp-json\/wp\/v2\/posts\/34257"}],"collection":[{"href":"https:\/\/passaparola.info\/web\/wp-json\/wp\/v2\/posts"}],"about":[{"href":"https:\/\/passaparola.info\/web\/wp-json\/wp\/v2\/types\/post"}],"author":[{"embeddable":true,"href":"https:\/\/passaparola.info\/web\/wp-json\/wp\/v2\/users\/2"}],"replies":[{"embeddable":true,"href":"https:\/\/passaparola.info\/web\/wp-json\/wp\/v2\/comments?post=34257"}],"version-history":[{"count":3,"href":"https:\/\/passaparola.info\/web\/wp-json\/wp\/v2\/posts\/34257\/revisions"}],"predecessor-version":[{"id":34261,"href":"https:\/\/passaparola.info\/web\/wp-json\/wp\/v2\/posts\/34257\/revisions\/34261"}],"wp:featuredmedia":[{"embeddable":true,"href":"https:\/\/passaparola.info\/web\/wp-json\/wp\/v2\/media\/34259"}],"wp:attachment":[{"href":"https:\/\/passaparola.info\/web\/wp-json\/wp\/v2\/media?parent=34257"}],"wp:term":[{"taxonomy":"category","embeddable":true,"href":"https:\/\/passaparola.info\/web\/wp-json\/wp\/v2\/categories?post=34257"},{"taxonomy":"post_tag","embeddable":true,"href":"https:\/\/passaparola.info\/web\/wp-json\/wp\/v2\/tags?post=34257"}],"curies":[{"name":"wp","href":"https:\/\/api.w.org\/{rel}","templated":true}]}}