{"id":33615,"date":"2026-03-03T15:28:04","date_gmt":"2026-03-03T14:28:04","guid":{"rendered":"https:\/\/passaparola.info\/web\/?p=33615"},"modified":"2026-03-03T15:28:04","modified_gmt":"2026-03-03T14:28:04","slug":"oreste-cosimo-cavaradossi-e-la-mia-nuova-identita-vocale","status":"publish","type":"post","link":"https:\/\/passaparola.info\/web\/2026\/03\/03\/oreste-cosimo-cavaradossi-e-la-mia-nuova-identita-vocale\/","title":{"rendered":"Oreste Cosimo: Cavaradossi e la mia nuova identit\u00e0 vocale"},"content":{"rendered":"\n<p><strong>L\u2019approdo del tenore italiano al <em>Saarl\u00e4ndisches Staatstheater<\/em> con la Tosca di Puccini &#8211;\u00a0 in programma con il suo ultimo spettacolo della stagione il prossimo marted\u00ec 10 marzo &#8211; rappresenta un momento di passaggio emblematico. Il suo Cavaradossi non \u00e8 soltanto un debutto di ruolo, ma un vero \u201cponte\u201d verso un futuro artistico che guarda con interesse ai grandi protagonisti del repertorio pucciniano e verista<\/strong><\/p>\n\n\n\n<div class=\"wp-block-image\"><figure class=\"alignleft size-large is-resized\"><img  loading=\"lazy\"  src=\"data:image\/png;base64,iVBORw0KGgoAAAANSUhEUgAAAAEAAAABAQMAAAAl21bKAAAAA1BMVEUAAP+KeNJXAAAAAXRSTlMAQObYZgAAAAlwSFlzAAAOxAAADsQBlSsOGwAAAApJREFUCNdjYAAAAAIAAeIhvDMAAAAASUVORK5CYII=\"  alt=\"\"  class=\"wp-image-33620 pk-lazyload\"  width=\"455\"  height=\"304\"  data-pk-sizes=\"auto\"  data-ls-sizes=\"(max-width: 455px) 100vw, 455px\"  data-pk-src=\"https:\/\/passaparola.info\/web\/wp-content\/uploads\/2026\/03\/Oreste-Cosimo-3-\u00a9-Fiorenzo-Galbiati-scaled-1-1024x683.jpeg\"  data-pk-srcset=\"https:\/\/passaparola.info\/web\/wp-content\/uploads\/2026\/03\/Oreste-Cosimo-3-\u00a9-Fiorenzo-Galbiati-scaled-1-1024x683.jpeg 1024w, https:\/\/passaparola.info\/web\/wp-content\/uploads\/2026\/03\/Oreste-Cosimo-3-\u00a9-Fiorenzo-Galbiati-scaled-1-300x200.jpeg 300w, https:\/\/passaparola.info\/web\/wp-content\/uploads\/2026\/03\/Oreste-Cosimo-3-\u00a9-Fiorenzo-Galbiati-scaled-1-768x512.jpeg 768w, https:\/\/passaparola.info\/web\/wp-content\/uploads\/2026\/03\/Oreste-Cosimo-3-\u00a9-Fiorenzo-Galbiati-scaled-1-1536x1024.jpeg 1536w, https:\/\/passaparola.info\/web\/wp-content\/uploads\/2026\/03\/Oreste-Cosimo-3-\u00a9-Fiorenzo-Galbiati-scaled-1-2048x1366.jpeg 2048w, https:\/\/passaparola.info\/web\/wp-content\/uploads\/2026\/03\/Oreste-Cosimo-3-\u00a9-Fiorenzo-Galbiati-scaled-1-800x533.jpeg 800w, https:\/\/passaparola.info\/web\/wp-content\/uploads\/2026\/03\/Oreste-Cosimo-3-\u00a9-Fiorenzo-Galbiati-scaled-1-1160x773.jpeg 1160w, https:\/\/passaparola.info\/web\/wp-content\/uploads\/2026\/03\/Oreste-Cosimo-3-\u00a9-Fiorenzo-Galbiati-scaled-1.jpeg 2560w\" ><figcaption>\u00a9-Fiorenzo-Galbiati<\/figcaption><\/figure><\/div>\n\n\n\n<p>Con una carriera ormai entrata in una fase di piena maturit\u00e0, Oreste Cosimo continua ad ampliare il proprio repertorio, esplorando ruoli che mettono alla prova non solo la voce ma anche l\u2019identit\u00e0 interpretativa. Formatasi nel solco della tradizione lirica italiana e cresciuta attraverso esperienze in diversi teatri europei, la sua vocalit\u00e0 \u2013 inizialmente orientata verso il lirico puro \u2013 si sta progressivamente orientando verso parti di pi\u00f9 ampio respiro drammatico.<\/p>\n\n\n\n<p>In questa conversazione con <em>PassaParola Magazine<\/em> affrontiamo i temi della maturazione tecnica e interpretativa, della libert\u00e0 conquistata sul palcoscenico, del dialogo con un ensemble internazionale e dell\u2019influenza di un teatro di confine come Saarbr\u00fccken. Cavaradossi diventa cos\u00ec il simbolo di una trasformazione: la conferma che la sicurezza vocale permette oggi a Oreste Cosimo di dedicarsi pienamente all\u2019espressione teatrale, aprendo la strada a ruoli pi\u00f9 drammatici che delineano con chiarezza la direzione futura della sua identit\u00e0 artistica.<\/p>\n\n\n\n<p><strong>Il tuo arrivo al <em>Saarl\u00e4ndisches Staatstheater <\/em>coincide con una fase gi\u00e0 matura della tua carriera: cosa senti di portare oggi, come artista, che forse non avresti portato dieci anni fa?<\/strong><\/p>\n\n\n\n<p>Portare non solo l\u2019aspetto tecnico vocale ma anche interpretativo. Se 10 anni fa pensavo ancora molto alla tecnica mentre cantavo, oggi sono pi\u00f9 meno libero di salire sul palco senza paure che la voce non va o paura degli acuti e posso dedicarmi al 100% all\u2019interpretazione del personaggio.&nbsp;La sicurezza tecnica mi permette di poter essere libero sul palco.&nbsp;<\/p>\n\n\n\n<p><strong>Saarbr\u00fccken \u00e8 una citt\u00e0 di confine, culturalmente aperta: questo clima si riflette, secondo te, anche nel lavoro quotidiano in teatro?<\/strong><\/p>\n\n\n\n<p>La qualit\u00e0 dell\u2019orchestra era impressionante. Anche la professionalit\u00e0 del direttore d\u2019orchestra. Mi sono trovato veramente molto bene con tutti i colleghi e tutti quanti che lavorano nel teatro.&nbsp;<\/p>\n\n\n\n<p><strong>Lavorare in un ensemble internazionale come quello del <em>Saarl\u00e4ndisches Staatstheater <\/em>cambia il modo in cui si ascoltano e si costruiscono le relazioni in scena?<\/strong><\/p>\n\n\n\n<p>Sicuramente s\u00ec in qualche modo.&nbsp;Ma devo dire che mi trovo sempre bene con tutti i miei colleghi. Internazionali o no. Cerco di dare rispetto ed ascoltare al massimo sempre tutti i cantanti, anche ai ruoli pi\u00f9 piccoli.&nbsp;Perch\u00e9 questo poi fa la differenza.&nbsp;<\/p>\n\n\n\n<p><strong>Se Cavaradossi fosse un \u201critratto di passaggio\u201d nella tua carriera, cosa direbbe oggi della tua identit\u00e0 artistica?<\/strong><\/p>\n\n\n\n<p>Per me \u00e8 stato una prova molto importante che mi ha dimostrato che la mia identit\u00e0 interpretativa \u00e8 molto vicina a questo genere di ruoli. \u00c8 un ponte per il passaggio che sto facendo adesso.&nbsp;<\/p>\n\n\n\n<p><strong>Questa esperienza a Saarbr\u00fccken ti ha fatto guardare con maggiore interesse a ruoli o territori vocali che fino a poco tempo fa consideravi pi\u00f9 lontani?<\/strong><\/p>\n\n\n\n<p>Assolutamente s\u00ec. Ho capito che i ruoli pi\u00f9 drammatici i come Cavaradossi saranno e sono il mio futuro. E non vedo l\u2019ora di esplorare tutti questi ruoli sempre di pi\u00f9.&nbsp;<\/p>\n\n\n\n<p><a href=\"https:\/\/staatstheater-saarland.eventim-inhouse.de\/webshop\/webticket\/seatmap?eventId=10318\" data-type=\"URL\" data-id=\"https:\/\/staatstheater-saarland.eventim-inhouse.de\/webshop\/webticket\/seatmap?eventId=10318\" target=\"_blank\" rel=\"noreferrer noopener\">Per informazioni e biglietti: www.staatstheater.saarland\/vorschau-2025-26\/detail\/tosca<\/a><\/p>\n\n\n\n<p><strong>Elisa Cutull\u00e8<\/strong>  (Credito\u00a0foto cover: Astrid Karger)<\/p>\n\n\n\n<p><\/p>\n","protected":false},"excerpt":{"rendered":"L\u2019approdo del tenore italiano al Saarl\u00e4ndisches Staatstheater con la Tosca di Puccini &#8211;\u00a0 in programma con il suo ultimo spettacolo della stagione il prossimo marted\u00ec 10 marzo &#8211; rappresenta un momento di passaggio emblematico. Il suo Cavaradossi non \u00e8 soltanto&hellip;\n","protected":false},"author":2,"featured_media":33618,"comment_status":"open","ping_status":"open","sticky":false,"template":"","format":"standard","meta":{"_seopress_robots_primary_cat":"none","_seopress_titles_title":"","_seopress_titles_desc":"","_seopress_robots_index":""},"categories":[44,29],"tags":[14914,14913,1370,14915,14912,825,3286,7054],"_links":{"self":[{"href":"https:\/\/passaparola.info\/web\/wp-json\/wp\/v2\/posts\/33615"}],"collection":[{"href":"https:\/\/passaparola.info\/web\/wp-json\/wp\/v2\/posts"}],"about":[{"href":"https:\/\/passaparola.info\/web\/wp-json\/wp\/v2\/types\/post"}],"author":[{"embeddable":true,"href":"https:\/\/passaparola.info\/web\/wp-json\/wp\/v2\/users\/2"}],"replies":[{"embeddable":true,"href":"https:\/\/passaparola.info\/web\/wp-json\/wp\/v2\/comments?post=33615"}],"version-history":[{"count":4,"href":"https:\/\/passaparola.info\/web\/wp-json\/wp\/v2\/posts\/33615\/revisions"}],"predecessor-version":[{"id":33621,"href":"https:\/\/passaparola.info\/web\/wp-json\/wp\/v2\/posts\/33615\/revisions\/33621"}],"wp:featuredmedia":[{"embeddable":true,"href":"https:\/\/passaparola.info\/web\/wp-json\/wp\/v2\/media\/33618"}],"wp:attachment":[{"href":"https:\/\/passaparola.info\/web\/wp-json\/wp\/v2\/media?parent=33615"}],"wp:term":[{"taxonomy":"category","embeddable":true,"href":"https:\/\/passaparola.info\/web\/wp-json\/wp\/v2\/categories?post=33615"},{"taxonomy":"post_tag","embeddable":true,"href":"https:\/\/passaparola.info\/web\/wp-json\/wp\/v2\/tags?post=33615"}],"curies":[{"name":"wp","href":"https:\/\/api.w.org\/{rel}","templated":true}]}}