{"id":32464,"date":"2025-11-11T17:16:24","date_gmt":"2025-11-11T16:16:24","guid":{"rendered":"https:\/\/passaparola.info\/web\/?p=32464"},"modified":"2025-11-13T00:50:44","modified_gmt":"2025-11-12T23:50:44","slug":"cosa-fanno-in-scena-una-ballerina-contemporanea-un-clown-e-una-soprano","status":"publish","type":"post","link":"https:\/\/passaparola.info\/web\/2025\/11\/11\/cosa-fanno-in-scena-una-ballerina-contemporanea-un-clown-e-una-soprano\/","title":{"rendered":"Cosa fanno in scena una ballerina di danza contemporanea, un clown e una soprano ?"},"content":{"rendered":"\n<p><strong>Melina Bountzika, Joe Del-Toe e M\u00e1ria Devitzaki sono stati selezionati, in seguito a un workshop, per partecipare al progetto Coperta. Insieme all\u2019artista italiano Andrea Buzzetti della Compagnia teatrale italiana La Baracca- Testoni Ragazzi di Bologna, hanno ideato e sviluppato l&#8217;opera Coperta, in scena da marted\u00ec 13 a gioved\u00ec 18 novembre alle Rotondes. Lo spettacolo teatrale, senza parole, dedicato ad un pubblico tra i 3 e i 6 annni \u00e8 una produzione <a rel=\"noreferrer noopener\" href=\"https:\/\/www.rotondes.lu\/fr\/agenda\/coperta\" data-type=\"URL\" data-id=\"https:\/\/www.rotondes.lu\/fr\/agenda\/coperta\" target=\"_blank\">Rotondes<\/a>, insieme al <em>Kulturhaus Niederanven<\/em> e al Cube 521 con il sostegno della <em>Cit\u00e9 musical<\/em>e-Metz. Incontriamo il regista Buzzetti tra una prova e l\u2019altra e ci racconta come si \u00e8 avvicinato al teatro, com\u2019\u00e8 nato questo nuovo spettacolo, perch\u00e8 sia importante per un artista mettersi in gioco<\/strong><\/p>\n\n\n\n<p>&#8220;A 11 anni, a scuola, nel mio paese Medicina (Bo) \u2013 dice il regista che abbiamo raggiunto telefonicamente \u2013 ho frequentato un laboratorio di teatro con la <a rel=\"noreferrer noopener\" href=\"https:\/\/www.testoniragazzi.it\/\" data-type=\"URL\" data-id=\"https:\/\/www.testoniragazzi.it\/\" target=\"_blank\">Compagnia La Baracca.<\/a> Ho immediatamente capito che questo sarebbe stato quello che volevo fare nella vita. Prima dentro la scuola, poi fuori, ho continuato a fare teatro, inteso come tipo di linguaggio corale. Poi ho continuato a studiare come perito elettronico e, successivamente, la compagnia mi ha chiesto di lavorare come tecnico. Ho unito il mondo dell\u2019illuminotecnica e il mondo della regia e ho cominciato a produrre opere non verbali, dove c\u2019\u00e8 l\u2019uso della luce, la musica ma non ci sono parole. \u00c8 tutto teatro non verbale, cio\u00e8 basato sulla drammaturgia emozionale. Quindi, ho cominciato a fare regie in tutto il mondo, fare ricerca e sono arrivato in Lussemburgo in qualit\u00e0 di attore dei miei spettacoli alle Rotondes che successivamente mi ha chiesto di firmare una regia.<\/p>\n\n\n\n<div class=\"wp-block-image\"><figure class=\"aligncenter size-large\"><img  loading=\"lazy\"  width=\"1024\"  height=\"616\"  src=\"data:image\/png;base64,iVBORw0KGgoAAAANSUhEUgAAAAEAAAABAQMAAAAl21bKAAAAA1BMVEUAAP+KeNJXAAAAAXRSTlMAQObYZgAAAAlwSFlzAAAOxAAADsQBlSsOGwAAAApJREFUCNdjYAAAAAIAAeIhvDMAAAAASUVORK5CYII=\"  alt=\"\"  class=\"wp-image-32467 pk-lazyload\"  data-pk-sizes=\"auto\"  data-ls-sizes=\"(max-width: 1024px) 100vw, 1024px\"  data-pk-src=\"https:\/\/passaparola.info\/web\/wp-content\/uploads\/2025\/11\/coperta_1-1024x616.png\"  data-pk-srcset=\"https:\/\/passaparola.info\/web\/wp-content\/uploads\/2025\/11\/coperta_1-1024x616.png 1024w, https:\/\/passaparola.info\/web\/wp-content\/uploads\/2025\/11\/coperta_1-300x180.png 300w, https:\/\/passaparola.info\/web\/wp-content\/uploads\/2025\/11\/coperta_1-768x462.png 768w, https:\/\/passaparola.info\/web\/wp-content\/uploads\/2025\/11\/coperta_1-800x481.png 800w, https:\/\/passaparola.info\/web\/wp-content\/uploads\/2025\/11\/coperta_1-1160x698.png 1160w, https:\/\/passaparola.info\/web\/wp-content\/uploads\/2025\/11\/coperta_1.png 1222w\" ><figcaption>\u00a9 Nathan Roux<\/figcaption><\/figure><\/div>\n\n\n\n<p><strong>Lo spettacolo &#8220;Coperta&#8221; ha un titolo semplice ma evocativo: com\u2019\u00e8 nato e quale messaggio vuole trasmettere?&nbsp;<\/strong><\/p>\n\n\n\n<p>Mi \u00e8 stato chiesta un\u2019idea di spettacolo da mettere in scena con artisti in Lussemburgo ed io ho accettato perch\u00e9 amo fare il regista. Ho pensato alla coperta sia come oggetto in movimento nello spazio, sia come oggetto simbolo di protezione. Dentro una coperta ci si pu\u00f2 nascondere, coprire, oppure puoi avere caldo o ospitare anche altre storie. La storia \u00e8 proprio questa: ci sono 3 persone, tre artisti, che devono dormire nello stesso spazio e si accorgono che, in realt\u00e0 lo spazio \u00e8 per tutti. Condividono le loro paure, i loro talenti, le loro fragilit\u00e0 e alla fine scoprono che, convivere in un mondo con persone diverse, ti nutre molto. Coperta \u00e8 inno alla condivisione emotiva, al sapere raccontare, dare e ricevere le proprie emozioni, contaminandosi.<\/p>\n\n\n\n<p><strong>Nel tuo lavoro, qual \u00e8 l\u2019aspetto pi\u00f9 stimolante del dialogo con il pubblico giovane?<\/strong><\/p>\n\n\n\n<p>La cosa pi\u00f9 stimolante \u00e8 che non saprai mai la reazione dei bambini. Tu pensi di essere preparato ma non lo sei mai.<\/p>\n\n\n\n<p><strong>Ci sono artisti, movimenti o esperienze personali che considera particolarmente ispiranti nel suo approccio teatrale?<\/strong><\/p>\n\n\n\n<p>Penso che la mia formazione sia stata in giro per il mondo. Non ho fatto scuole di teatro ma per es. in India ho imparato l\u2019uso dello sguardo e del corpo; in Francia ho imparato l\u2019uso della manipolazione dell\u2019oggetto; in Italia l\u2019uso della parola; in Spagna la danza. Tutto \u00e8 servito a formarmi come artista e produttore. Per fare proposte stimolanti per i bambini \u00e8 importante avere una grande curiosit\u00e0 e una grande voglia di mettersi in gioco.<\/p>\n\n\n\n<p><strong>Paola Cairo<\/strong> <\/p>\n\n\n\n<p>Foto cover: \u00a9 Nathan Roux<\/p>\n","protected":false},"excerpt":{"rendered":"Melina Bountzika, Joe Del-Toe e M\u00e1ria Devitzaki sono stati selezionati, in seguito a un workshop, per partecipare al progetto Coperta. Insieme all\u2019artista italiano Andrea Buzzetti della Compagnia teatrale italiana La Baracca- Testoni Ragazzi di Bologna, hanno ideato e sviluppato l&#8217;opera&hellip;\n","protected":false},"author":17,"featured_media":32466,"comment_status":"open","ping_status":"open","sticky":false,"template":"","format":"standard","meta":{"_seopress_robots_primary_cat":"none","_seopress_titles_title":"","_seopress_titles_desc":"","_seopress_robots_index":""},"categories":[44,29],"tags":[14567,14562,14566,176,14565,14564],"_links":{"self":[{"href":"https:\/\/passaparola.info\/web\/wp-json\/wp\/v2\/posts\/32464"}],"collection":[{"href":"https:\/\/passaparola.info\/web\/wp-json\/wp\/v2\/posts"}],"about":[{"href":"https:\/\/passaparola.info\/web\/wp-json\/wp\/v2\/types\/post"}],"author":[{"embeddable":true,"href":"https:\/\/passaparola.info\/web\/wp-json\/wp\/v2\/users\/17"}],"replies":[{"embeddable":true,"href":"https:\/\/passaparola.info\/web\/wp-json\/wp\/v2\/comments?post=32464"}],"version-history":[{"count":12,"href":"https:\/\/passaparola.info\/web\/wp-json\/wp\/v2\/posts\/32464\/revisions"}],"predecessor-version":[{"id":32534,"href":"https:\/\/passaparola.info\/web\/wp-json\/wp\/v2\/posts\/32464\/revisions\/32534"}],"wp:featuredmedia":[{"embeddable":true,"href":"https:\/\/passaparola.info\/web\/wp-json\/wp\/v2\/media\/32466"}],"wp:attachment":[{"href":"https:\/\/passaparola.info\/web\/wp-json\/wp\/v2\/media?parent=32464"}],"wp:term":[{"taxonomy":"category","embeddable":true,"href":"https:\/\/passaparola.info\/web\/wp-json\/wp\/v2\/categories?post=32464"},{"taxonomy":"post_tag","embeddable":true,"href":"https:\/\/passaparola.info\/web\/wp-json\/wp\/v2\/tags?post=32464"}],"curies":[{"name":"wp","href":"https:\/\/api.w.org\/{rel}","templated":true}]}}