{"id":32451,"date":"2025-11-11T13:24:29","date_gmt":"2025-11-11T12:24:29","guid":{"rendered":"https:\/\/passaparola.info\/web\/?p=32451"},"modified":"2025-11-11T13:55:15","modified_gmt":"2025-11-11T12:55:15","slug":"gli-arditi-del-popolo-piermarini-anpi-lussemburgo","status":"publish","type":"post","link":"https:\/\/passaparola.info\/web\/2025\/11\/11\/gli-arditi-del-popolo-piermarini-anpi-lussemburgo\/","title":{"rendered":"Gli arditi del popolo. Una storia paradigmatica"},"content":{"rendered":"\n<p><strong>Domani, 12 novembre (ore 19), l\u2019ANPI sezione Lussemburgo presenta, via webex, il libro \u201cI soldati del popolo. Arditi, partigiani e ribelli: dalle occupazioni del biennio 1919-20 alle gesta della Volante Rossa, storia eretica delle rivoluzioni mancate in Italia\u201d (<a rel=\"noreferrer noopener\" href=\"https:\/\/www.redstarpress.it\/prodotto\/i-soldati-del-popolo\/\" data-type=\"URL\" data-id=\"https:\/\/www.redstarpress.it\/prodotto\/i-soldati-del-popolo\/\" target=\"_blank\">RedStar Press<\/a>, 2025) in presenza dell\u2019autrice Claudia Piermarini, storica, insegnante e divulgatrice. Modera Pietro Benedetti. Le nostre domande<\/strong><\/p>\n\n\n\n<figure class=\"wp-block-image size-large\"><img  loading=\"lazy\"  width=\"724\"  height=\"1024\"  src=\"data:image\/png;base64,iVBORw0KGgoAAAANSUhEUgAAAAEAAAABAQMAAAAl21bKAAAAA1BMVEUAAP+KeNJXAAAAAXRSTlMAQObYZgAAAAlwSFlzAAAOxAAADsQBlSsOGwAAAApJREFUCNdjYAAAAAIAAeIhvDMAAAAASUVORK5CYII=\"  alt=\"\"  class=\"wp-image-32456 pk-lazyload\"  data-pk-sizes=\"auto\"  data-ls-sizes=\"(max-width: 724px) 100vw, 724px\"  data-pk-src=\"https:\/\/passaparola.info\/web\/wp-content\/uploads\/2025\/11\/anpi_soldati_popolo-724x1024.jpg\"  data-pk-srcset=\"https:\/\/passaparola.info\/web\/wp-content\/uploads\/2025\/11\/anpi_soldati_popolo-724x1024.jpg 724w, https:\/\/passaparola.info\/web\/wp-content\/uploads\/2025\/11\/anpi_soldati_popolo-212x300.jpg 212w, https:\/\/passaparola.info\/web\/wp-content\/uploads\/2025\/11\/anpi_soldati_popolo-768x1086.jpg 768w, https:\/\/passaparola.info\/web\/wp-content\/uploads\/2025\/11\/anpi_soldati_popolo-1086x1536.jpg 1086w, https:\/\/passaparola.info\/web\/wp-content\/uploads\/2025\/11\/anpi_soldati_popolo-800x1132.jpg 800w, https:\/\/passaparola.info\/web\/wp-content\/uploads\/2025\/11\/anpi_soldati_popolo.jpg 1131w\" ><\/figure>\n\n\n\n<blockquote class=\"wp-block-quote\"><p>Quando, alla fine della prima guerra mondiale, i contadini scesero in piazza per protestare contro la mancata distribuzione delle terre e, in citt\u00e0, gli operai occuparono in armi le fabbriche e gli altri luoghi di lavoro, l\u2019intero ordinamento politico italiano venne sconvolto dalla domanda di un nuovo ordine sociale, presto raccolta dall\u2019organizzazione paramilitare degli Arditi del Popolo: l\u2019unico, e spesso insuperabile baluardo contro l\u2019avanzata reazionaria del fascismo.<\/p><cite><strong>Prefazione di Pasquale Iuso<\/strong><\/cite><\/blockquote>\n\n\n\n<p><strong>Nel tuo libro affronti il tema della memoria collettiva legata alla Resistenza attraverso una prospettiva inedita: cosa ti ha spinto a raccontare questa storia oggi, e come pensi possa parlare ai lettori&nbsp;contemporanei?<\/strong><\/p>\n\n\n\n<div class=\"wp-block-image\"><figure class=\"alignright size-large is-resized\"><img  loading=\"lazy\"  src=\"data:image\/png;base64,iVBORw0KGgoAAAANSUhEUgAAAAEAAAABAQMAAAAl21bKAAAAA1BMVEUAAP+KeNJXAAAAAXRSTlMAQObYZgAAAAlwSFlzAAAOxAAADsQBlSsOGwAAAApJREFUCNdjYAAAAAIAAeIhvDMAAAAASUVORK5CYII=\"  alt=\"\"  class=\"wp-image-32453 pk-lazyload\"  width=\"241\"  height=\"372\"  data-pk-sizes=\"auto\"  data-ls-sizes=\"(max-width: 241px) 100vw, 241px\"  data-pk-src=\"https:\/\/passaparola.info\/web\/wp-content\/uploads\/2025\/11\/soldati.jpg\"  data-pk-srcset=\"https:\/\/passaparola.info\/web\/wp-content\/uploads\/2025\/11\/soldati.jpg 435w, https:\/\/passaparola.info\/web\/wp-content\/uploads\/2025\/11\/soldati-194x300.jpg 194w\" ><\/figure><\/div>\n\n\n\n<p>Nella storia degli Arditi del Popolo e della Resistenza pi\u00f9 in generale, \u00e8 possibile tracciare quel filo che racconta il sacrificio delle classi oppresse che sognavano un ribaltamento rivoluzionario dell&#8217;ordine sociale e politico. &nbsp;Quanto ho voluto emergesse, con il mio modesto contributo alla ricostruzione di queste lotte, \u00e8 che le ragioni che contribuirono all&#8217;ascesa del Fascismo vanno indagate anche e soprattutto nella reazione delle classi padronali alle tensioni rivoluzionarie che avevano animato il Biennio Rosso.<\/p>\n\n\n\n<p>Al contrario di quanto viene&nbsp;&nbsp; raccontato per riabilitarlo, il fascismo si impose con la forza, con i brogli e le violenze, ma furono moltissimi gli uomini e le donne che combatterono prima di esso, durante la dittatura e dopo, durante la Repubblica. Parlarne oggi non solo ci fornisce delle lenti interpretative del presente, ma ci aiuta a ragionare&nbsp; criticamente su come viene raccontato e su come \u00e8 stato progressivamente riabilitato il fascismo in questo paese (l\u2019Italia, <em>ndr<\/em>), a distanza di tanti anni.<\/p>\n\n\n\n<p>Il mito degli &#8220;italiani brava gente&#8221;, la progressiva deresponsabilizzazione del fascismo, la mancata elaborazione collettiva del ruolo che l&#8217;Italia ha avuto durante la Seconda Guerra Mondiale, ci espongono chiaramente a nuovi rischi interpretativi e soprattutto ai nuovi fascismi del nostro tempo, ed \u00e8 per questa ragione che \u00e8 un dovere morale soffermarsi invece su quelli che sono gli insegnamenti della Resistenza Antifascista.<\/p>\n\n\n\n<p><strong>Qual \u00e8 stato il ruolo delle arditi del popolo e come vengono ricordati nella memoria&nbsp;nazionale?<\/strong><\/p>\n\n\n\n<p>La storia degli Arditi del Popolo \u00e8 una di quelle storie pressoch\u00e9 dimenticate nei libri di storia, nei programmi scolastici e altrettanto nella memoria nazionale, eppure la loro storia \u00e8 estremamente paradigmatica.<\/p>\n\n\n\n<p>Nella spaccatura in seno agli Arditi della Grande Guerra, che port\u00f2 alla nascita degli Arditi del Popolo, \u00e8 possibile notare come ebbero un ruolo fondamentale nel difendere e supportare le classi proletarie nell&#8217; arginare l&#8217;avanzata delle camicie nere.&nbsp; &nbsp;La loro tensione rivoluzionaria, tuttavia, mal si conciliava con le deboli istanze e posizioni dei partiti d&#8217;opposizione, che rimasero miopi nell&#8217;analizzare la realt\u00e0 e la pericolosit\u00e0 del fascismo.<\/p>\n\n\n\n<p>Eccetto qualche debole momento commemorazione e qualche sporadica targa in ricordo di questi combattenti, la loro storia non \u00e8 consolidata affatto nella memoria collettiva. Parlarne, quindi, in momenti di riflessione storica \u00e8 fondamentale se vogliamo recuperare il tempo perso e rendere onore non soltanto alla verit\u00e0 storica, ma anche alla memoria di chi si \u00e8 sacrificato per la libert\u00e0 e la giustizia&nbsp;sociale.<\/p>\n\n\n\n<p><strong>Paola Cairo<\/strong><\/p>\n\n\n\n<p>(Richiedere il link webex, scrivendo a : lussemburgo@anpi.it)<\/p>\n\n\n\n<p><strong>Chi \u00e8 Claudia&nbsp;Piermarini<\/strong><\/p>\n\n\n\n<p>Nata il 6 agosto 1987 a Teramo, dove vive e lavora come insegnante, ed \u00e8 una ricercatrice storica specializzata nello studio del Fascismo e della Resistenza. Laureata con lode in Storia e Ricerca storica della memoria presso l\u2019Universit\u00e0 di Macerata, ha collaborato con l\u2019Istituto Nazionale \u201cFerruccio Parri\u201d per il progetto Atlante delle stragi naziste e fasciste in Italia e con l\u2019Universit\u00e0 di Bologna per il progetto europeo ECOSMeG, dedicato ai luoghi della memoria. \u00c8 autrice di saggi e articoli, tra cui _I soldati del popolo_ (Prima edizione: Red Star Press, 2013) e _Storie di vita dai campi di concentramento abruzzesi_ (IASRIC, 2017). Ha curato mostre e pubblicazioni sulla deportazione e sull\u2019internamento civile, collaborando con la CGIL e con la Fondazione Pasquale Celommi per la valorizzazione della memoria resistenziale. Svolge attivit\u00e0 di divulgazione e didattica pubblica in scuole e archivi, promuovendo un approccio inclusivo e partecipativo alla storia contemporanea.<\/p>\n","protected":false},"excerpt":{"rendered":"Domani, 12 novembre (ore 19), l\u2019ANPI sezione Lussemburgo presenta, via webex, il libro \u201cI soldati del popolo. Arditi, partigiani e ribelli: dalle occupazioni del biennio 1919-20 alle gesta della Volante Rossa, storia eretica delle rivoluzioni mancate in Italia\u201d (RedStar Press,&hellip;\n","protected":false},"author":2,"featured_media":32453,"comment_status":"open","ping_status":"open","sticky":false,"template":"","format":"standard","meta":{"_seopress_robots_primary_cat":"none","_seopress_titles_title":"","_seopress_titles_desc":"","_seopress_robots_index":""},"categories":[39,48,29],"tags":[298,14561,14559,14557,85,667,1068,14558,14560],"_links":{"self":[{"href":"https:\/\/passaparola.info\/web\/wp-json\/wp\/v2\/posts\/32451"}],"collection":[{"href":"https:\/\/passaparola.info\/web\/wp-json\/wp\/v2\/posts"}],"about":[{"href":"https:\/\/passaparola.info\/web\/wp-json\/wp\/v2\/types\/post"}],"author":[{"embeddable":true,"href":"https:\/\/passaparola.info\/web\/wp-json\/wp\/v2\/users\/2"}],"replies":[{"embeddable":true,"href":"https:\/\/passaparola.info\/web\/wp-json\/wp\/v2\/comments?post=32451"}],"version-history":[{"count":9,"href":"https:\/\/passaparola.info\/web\/wp-json\/wp\/v2\/posts\/32451\/revisions"}],"predecessor-version":[{"id":32462,"href":"https:\/\/passaparola.info\/web\/wp-json\/wp\/v2\/posts\/32451\/revisions\/32462"}],"wp:featuredmedia":[{"embeddable":true,"href":"https:\/\/passaparola.info\/web\/wp-json\/wp\/v2\/media\/32453"}],"wp:attachment":[{"href":"https:\/\/passaparola.info\/web\/wp-json\/wp\/v2\/media?parent=32451"}],"wp:term":[{"taxonomy":"category","embeddable":true,"href":"https:\/\/passaparola.info\/web\/wp-json\/wp\/v2\/categories?post=32451"},{"taxonomy":"post_tag","embeddable":true,"href":"https:\/\/passaparola.info\/web\/wp-json\/wp\/v2\/tags?post=32451"}],"curies":[{"name":"wp","href":"https:\/\/api.w.org\/{rel}","templated":true}]}}