{"id":31043,"date":"2025-06-06T11:46:10","date_gmt":"2025-06-06T09:46:10","guid":{"rendered":"https:\/\/passaparola.info\/web\/?p=31043"},"modified":"2025-06-06T12:04:35","modified_gmt":"2025-06-06T10:04:35","slug":"the-birth-of-kitaro-gegege-anime-adulti-giappone","status":"publish","type":"post","link":"https:\/\/passaparola.info\/web\/2025\/06\/06\/the-birth-of-kitaro-gegege-anime-adulti-giappone\/","title":{"rendered":"&#8220;The Birth of Kitaro: the Mystery of Gegege&#8221;: un cartone animato per adulti che esplora la storia e il lato oscuro del Giappone"},"content":{"rendered":"\n<p><strong>Il <em><a href=\"https:\/\/db.nipponconnection.com\/\" data-type=\"URL\" data-id=\"https:\/\/db.nipponconnection.com\/\" target=\"_blank\" rel=\"noreferrer noopener\">Nippon Connection Film Festival<\/a><\/em>, giunto quest&#8217;anno alla sua 25\u00aa edizione (27 maggio \u2013 1 giugno 2025 &#8211; Francoforte sul Meno), ha offerto un&#8217;esperienza cinematografica indimenticabile con la proiezione sold-out dell&#8217;anime (come, cinematograficamente parlando, si chiamano i cartoni animati o i film d&#8217;animazione giapponesi, <em>ndr<\/em>) &#8220;The Birth of Kitaro: The Mystery of Gegege&#8221;. L&#8217;evento ha visto la partecipazione del regista Go Koga e del produttore Keisuke Naito, che hanno introdotto il film e partecipato a una sessione di domande e risposte al termine della proiezione, offrendo preziose intuizioni sul loro lavoro<\/strong><\/p>\n\n\n\n<div class=\"wp-block-image\"><figure class=\"alignright size-large is-resized\"><img  loading=\"lazy\"  src=\"data:image\/png;base64,iVBORw0KGgoAAAANSUhEUgAAAAEAAAABAQMAAAAl21bKAAAAA1BMVEUAAP+KeNJXAAAAAXRSTlMAQObYZgAAAAlwSFlzAAAOxAAADsQBlSsOGwAAAApJREFUCNdjYAAAAAIAAeIhvDMAAAAASUVORK5CYII=\"  alt=\"\"  class=\"wp-image-31046 pk-lazyload\"  width=\"384\"  height=\"512\"  data-pk-sizes=\"auto\"  data-ls-sizes=\"(max-width: 384px) 100vw, 384px\"  data-pk-src=\"https:\/\/passaparola.info\/web\/wp-content\/uploads\/2025\/06\/elisa-768x1024.jpeg\"  data-pk-srcset=\"https:\/\/passaparola.info\/web\/wp-content\/uploads\/2025\/06\/elisa-768x1024.jpeg 768w, https:\/\/passaparola.info\/web\/wp-content\/uploads\/2025\/06\/elisa-225x300.jpeg 225w, https:\/\/passaparola.info\/web\/wp-content\/uploads\/2025\/06\/elisa-1152x1536.jpeg 1152w, https:\/\/passaparola.info\/web\/wp-content\/uploads\/2025\/06\/elisa-800x1067.jpeg 800w, https:\/\/passaparola.info\/web\/wp-content\/uploads\/2025\/06\/elisa-1160x1547.jpeg 1160w, https:\/\/passaparola.info\/web\/wp-content\/uploads\/2025\/06\/elisa.jpeg 1200w\" ><figcaption>\u00a0Keisuke Naito\u00a0 e Go Koga (Foto Elisa Cutull\u00e8 )<\/figcaption><\/figure><\/div>\n\n\n\n<p>Il film, un prequel realizzato per celebrare il 100\u00b0 anniversario della nascita di Shigeru Mizuki, celebre autore di manga, non \u00e8 solo un horror affascinante, ma anche un profondo viaggio attraverso un secolo di storia giapponese e le sue turbolenze. Come spiegato dal produttore Keisuke Naito, l&#8217;intento era di mostrare &#8220;questi 100 anni di storia in Giappone, i molti sviluppi che ha visto&#8221;. Il film si discosta dalle precedenti produzioni del <em>franchise<\/em>, spesso destinate ai bambini, proponendosi come un&#8217;opera per un pubblico pi\u00f9 maturo, ricco di riferimenti culturali e storici significativi.<\/p>\n\n\n\n<p><em>Trama e scene cruenti<\/em><\/p>\n\n\n\n<p>La trama del film si concentra su Mizuki, un impiegato della Banca Imperiale del Sangue, che si reca nel remoto villaggio di Nagura con una missione segreta, fingendo di partecipare al lutto per la morte del capo della famiglia Ryuga, che controlla segretamente la politica e la finanza del Giappone. Contemporaneamente, il padre di Kitaro arriva nel villaggio alla ricerca della moglie scomparsa. Insieme, Mizuki e il padre di Kitaro si trovano coinvolti in una serie di eventi oscuri e misteriosi, svelando i segreti della potente famiglia Ryuga e affrontando creature soprannaturali, gli <em>yokai<\/em>, tipici del folklore giapponese.<\/p>\n\n\n\n<p>Il film non edulcora la violenza e la crudelt\u00e0 della guerra, basandosi sulle esperienze dirette di Shigeru Mizuki. Le scene di guerra, infatti, sono tratte dai suoi manga e riflettono le sue memorie di soldato sopravvissuto a missioni suicide, definite eufemisticamente &#8220;belle morti per il paese&#8221;. Il produttore Naito ha sottolineato come il film esprima &#8220;questa rabbia, la sensazione di impotenza e la rabbia contro questo trattamento davvero codardo dall&#8217;alto&#8221;, riferendosi all&#8217;ordine di morire impartito ai soldati sopravvissuti. Queste scene, basate su eventi reali, mostrano la brutalit\u00e0 e l&#8217;insensatezza della guerra, senza risparmiare allo spettatore la durezza delle esperienze vissute da Mizuki.<\/p>\n\n\n\n<p><em>Temi e scelte artistiche<\/em><\/p>\n\n\n\n<p>Uno degli aspetti pi\u00f9 sorprendenti del film \u00e8 la sua onest\u00e0 nel rappresentare le crudelt\u00e0 della guerra, basandosi sulle esperienze personali di Mizuki, sopravvissuto a missioni suicide (eufemisticamente definite &#8220;belle morti per il paese&#8221;) e costretto a fronteggiare l&#8217;indifferenza e l&#8217;ordine di morire da parte delle autorit\u00e0. &#8220;Questa \u00e8 una vera crudelt\u00e0 che l&#8217;autore Mizuki ha vissuto&#8221;, ha sottolineato il produttore, aggiungendo che il film esprime &#8220;questa rabbia, la sensazione di impotenza e la rabbia contro questo trattamento davvero codardo dall&#8217;alto&#8221;.<\/p>\n\n\n\n<p>L&#8217;estetica del film \u00e8 altrettanto notevole. Il produttore e il regista hanno sottolineato le scelte cromatiche e l&#8217;uso della luce, atta a sottolineare l&#8217;interazione tra luce e oscurit\u00e0 e l&#8217;uso di una palette di colori tenui, con l&#8217;eccezione del rosso vivo. Naito ha spiegato che, pur essendo un film horror, voleva anche mostrare &#8220;la bellezza del Giappone&#8221;, in particolare attraverso la luce naturale. Per quanto riguarda il rosso, ha rivelato che \u00e8 un colore &#8220;molto importante&#8221; nella cultura giapponese, che simboleggia il sole, il sangue e ha un forte significato estetico, richiamando ad esempio i tradizionali archi Torii.<\/p>\n\n\n\n<p>La trama si concentra sul personaggio di Mizuki (diverso dall&#8217;autore stesso, sebbene a lui ispirato), che entra nel misterioso villaggio di Nagura in cerca della moglie del padre di Kitaro. L\u00ec, i due si trovano a dover svelare i segreti della famiglia locale. La scena preferita del produttore \u00e8 proprio l&#8217;ingresso di Mizuki a Nagoda, dove &#8220;vede il vecchio Giappone, il vecchio Giappone dell&#8217;era, che in qualche modo sembra che ricordi al popolo giapponese i vecchi tempi e allo stesso tempo \u00e8 un po&#8217; inquietante&#8221;.<\/p>\n\n\n\n<p><em>Riconoscimenti e prospettive future<\/em><\/p>\n\n\n\n<p>&#8220;The Birth of Kitaro: The Mystery of Gegege&#8221; ha gi\u00e0 ricevuto numerosi riconoscimenti, testimoniando il suo successo di critica e pubblico. \u00c8 stato candidato al prestigioso Japan Academy Film Prize nella categoria &#8220;Miglior film d&#8217;animazione&#8221; e ha vinto il premio come Miglior film ai 7th Chofu Film Town Awards. Al Tokyo Anime Award Festival (TAAF) 2025, ha dominato diverse categorie individuali, vincendo il premio per la Migliore Opera Originale\/Sceneggiatura (Hiroyuki Yoshino), Miglior Animatore (T\u014dko Yatabe) e Miglior Direttore artistico\/colore\/effetti visivi (Mai Ichioka). Ha inoltre ricevuto l'&#8221;Anime Fan Award&#8221; con un&#8217;ampia votazione popolare. Il film \u00e8 stato anche selezionato per il prestigioso Annecy International Animation Film Festival 2024 nella categoria Contrechamp.<\/p>\n\n\n\n<p>Il produttore ha espresso la speranza che il successo di questo film possa aprire la strada a future produzioni &#8220;Gegege&#8221; per adulti. Il Festival Nippon Connection ha dimostrato ancora una volta la sua capacit\u00e0 di presentare opere significative che non solo intrattengono, ma stimolano anche la riflessione, consolidando il suo ruolo di piattaforma cruciale per il cinema giapponese contemporaneo.<\/p>\n\n\n\n<p><strong>Elisa Cutull\u00e8<\/strong><\/p>\n\n\n\n<p>Foto cover: Copyright for The Birth of KitaroFULL\u00a9\u201dKitaro Tanjo Gegege no Nazo\u201dProduction Committee\u00a92025 polyband Medien GmbH. Allrights reserved<\/p>\n","protected":false},"excerpt":{"rendered":"Il Nippon Connection Film Festival, giunto quest&#8217;anno alla sua 25\u00aa edizione (27 maggio \u2013 1 giugno 2025 &#8211; Francoforte sul Meno), ha offerto un&#8217;esperienza cinematografica indimenticabile con la proiezione sold-out dell&#8217;anime (come, cinematograficamente parlando, si chiamano i cartoni animati o&hellip;\n","protected":false},"author":2,"featured_media":31045,"comment_status":"open","ping_status":"open","sticky":false,"template":"","format":"standard","meta":{"_seopress_robots_primary_cat":"none","_seopress_titles_title":"","_seopress_titles_desc":"","_seopress_robots_index":""},"categories":[7659,37],"tags":[14025,12066,14028,120,14026,14027,14022,14023],"_links":{"self":[{"href":"https:\/\/passaparola.info\/web\/wp-json\/wp\/v2\/posts\/31043"}],"collection":[{"href":"https:\/\/passaparola.info\/web\/wp-json\/wp\/v2\/posts"}],"about":[{"href":"https:\/\/passaparola.info\/web\/wp-json\/wp\/v2\/types\/post"}],"author":[{"embeddable":true,"href":"https:\/\/passaparola.info\/web\/wp-json\/wp\/v2\/users\/2"}],"replies":[{"embeddable":true,"href":"https:\/\/passaparola.info\/web\/wp-json\/wp\/v2\/comments?post=31043"}],"version-history":[{"count":4,"href":"https:\/\/passaparola.info\/web\/wp-json\/wp\/v2\/posts\/31043\/revisions"}],"predecessor-version":[{"id":31064,"href":"https:\/\/passaparola.info\/web\/wp-json\/wp\/v2\/posts\/31043\/revisions\/31064"}],"wp:featuredmedia":[{"embeddable":true,"href":"https:\/\/passaparola.info\/web\/wp-json\/wp\/v2\/media\/31045"}],"wp:attachment":[{"href":"https:\/\/passaparola.info\/web\/wp-json\/wp\/v2\/media?parent=31043"}],"wp:term":[{"taxonomy":"category","embeddable":true,"href":"https:\/\/passaparola.info\/web\/wp-json\/wp\/v2\/categories?post=31043"},{"taxonomy":"post_tag","embeddable":true,"href":"https:\/\/passaparola.info\/web\/wp-json\/wp\/v2\/tags?post=31043"}],"curies":[{"name":"wp","href":"https:\/\/api.w.org\/{rel}","templated":true}]}}