{"id":22834,"date":"2023-05-09T10:10:08","date_gmt":"2023-05-09T08:10:08","guid":{"rendered":"https:\/\/passaparola.info\/web\/?p=22834"},"modified":"2023-05-09T12:01:37","modified_gmt":"2023-05-09T10:01:37","slug":"una-risata-ci-salvera","status":"publish","type":"post","link":"https:\/\/passaparola.info\/web\/2023\/05\/09\/una-risata-ci-salvera\/","title":{"rendered":"Una  risata ci salver\u00e0!"},"content":{"rendered":"\n<p><strong>La Giornata Mondiale della Risata, istituita nel 1998 dal dottor Madan Kataria, fondatore del movimento mondiale dello Yoga della Risata, \u00e8 stata  celebrata sulle isole Veneziane il 7 maggio. Una manifestazione positiva per la pace nel mondo con lo scopo di costruire una coscienza globale di fratellanza e amicizia attraverso le risate. Il nostro resoconto<\/strong><\/p>\n\n\n\n<p><strong>Qual \u00e8 il progetto di portare la pace nel mondo attraverso le risate?<\/strong> &#8220;La formula \u00e8 semplice &#8211; ci spiega <strong>Mara Quinto<\/strong>, organizzatrice di questo evento italiano &#8211; Quando ridi tu cambi e quando cambi il mondo cambia intorno a te. Il cambiamento interiore \u00e8 la chiave per vedere il cambiamento nel mondo esterno. La guerra nel mondo esterno \u00e8 il riflesso della guerra interiore in corso nella mente delle persone. La risata incondizionata ha il potere di cambiare la chimica interiore e di farci sentire bene dentro e quando ti senti bene dentro cambi la percezione del mondo esterno.&#8221;<\/p>\n\n\n\n<figure class=\"wp-block-image size-large\"><img  loading=\"lazy\"  width=\"1024\"  height=\"683\"  src=\"data:image\/png;base64,iVBORw0KGgoAAAANSUhEUgAAAAEAAAABAQMAAAAl21bKAAAAA1BMVEUAAP+KeNJXAAAAAXRSTlMAQObYZgAAAAlwSFlzAAAOxAAADsQBlSsOGwAAAApJREFUCNdjYAAAAAIAAeIhvDMAAAAASUVORK5CYII=\"  alt=\"\"  class=\"wp-image-22845 pk-lazyload\"  data-pk-sizes=\"auto\"  data-ls-sizes=\"(max-width: 1024px) 100vw, 1024px\"  data-pk-src=\"https:\/\/passaparola.info\/web\/wp-content\/uploads\/2023\/05\/IMG_9226-1024x683.jpg\"  data-pk-srcset=\"https:\/\/passaparola.info\/web\/wp-content\/uploads\/2023\/05\/IMG_9226-1024x683.jpg 1024w, https:\/\/passaparola.info\/web\/wp-content\/uploads\/2023\/05\/IMG_9226-300x200.jpg 300w, https:\/\/passaparola.info\/web\/wp-content\/uploads\/2023\/05\/IMG_9226-768x512.jpg 768w, https:\/\/passaparola.info\/web\/wp-content\/uploads\/2023\/05\/IMG_9226-1536x1024.jpg 1536w, https:\/\/passaparola.info\/web\/wp-content\/uploads\/2023\/05\/IMG_9226-2048x1365.jpg 2048w, https:\/\/passaparola.info\/web\/wp-content\/uploads\/2023\/05\/IMG_9226-800x533.jpg 800w, https:\/\/passaparola.info\/web\/wp-content\/uploads\/2023\/05\/IMG_9226-1160x773.jpg 1160w, https:\/\/passaparola.info\/web\/wp-content\/uploads\/2023\/05\/IMG_9226-scaled.jpg 2560w\" ><\/figure>\n\n\n\n<p><strong>Domenica 7 maggio, in occasione della Giornata Mondiale della Risata<\/strong>, un battello di 60 persone ha attraversato la laguna veneziana, facendo tappa nelle isole Murano, Burano e Torcello. L&#8217;allegra brigata ha attraversato stradine e piazze delle splendide cittadine lagunari e coinvolto nell&#8217;entusiasmo travolgente della risata residenti e turisti, piacevolmente sorpresi di trovarsi all&#8217;interno di flashmob improvvisati e soprattutto inaspettati. Buttare via per un attimo il rigido &#8220;vestito della festa&#8221; e lasciarsi trasportare dalla risata \u00e8 stato per tutti una sensazione meravigliosa. Perfino il timoniere del battello ha confessato &#8220;di non aver mai trasportato un gruppo cos\u00ec&#8221;&#8230;cos\u00ec, senza aggettivi, perch\u00e9 davvero \u00e8 difficile da trovarne per un gruppo di persone, tanto disomogenee e tanto unite nell&#8217;esaltante esperienza del ridere.<\/p>\n\n\n\n<figure class=\"wp-block-image size-large\"><img  loading=\"lazy\"  width=\"1024\"  height=\"683\"  src=\"data:image\/png;base64,iVBORw0KGgoAAAANSUhEUgAAAAEAAAABAQMAAAAl21bKAAAAA1BMVEUAAP+KeNJXAAAAAXRSTlMAQObYZgAAAAlwSFlzAAAOxAAADsQBlSsOGwAAAApJREFUCNdjYAAAAAIAAeIhvDMAAAAASUVORK5CYII=\"  alt=\"\"  class=\"wp-image-22847 pk-lazyload\"  data-pk-sizes=\"auto\"  data-ls-sizes=\"(max-width: 1024px) 100vw, 1024px\"  data-pk-src=\"https:\/\/passaparola.info\/web\/wp-content\/uploads\/2023\/05\/IMG_9153-1024x683.jpg\"  data-pk-srcset=\"https:\/\/passaparola.info\/web\/wp-content\/uploads\/2023\/05\/IMG_9153-1024x683.jpg 1024w, https:\/\/passaparola.info\/web\/wp-content\/uploads\/2023\/05\/IMG_9153-300x200.jpg 300w, https:\/\/passaparola.info\/web\/wp-content\/uploads\/2023\/05\/IMG_9153-768x512.jpg 768w, https:\/\/passaparola.info\/web\/wp-content\/uploads\/2023\/05\/IMG_9153-1536x1024.jpg 1536w, https:\/\/passaparola.info\/web\/wp-content\/uploads\/2023\/05\/IMG_9153-2048x1365.jpg 2048w, https:\/\/passaparola.info\/web\/wp-content\/uploads\/2023\/05\/IMG_9153-800x533.jpg 800w, https:\/\/passaparola.info\/web\/wp-content\/uploads\/2023\/05\/IMG_9153-1160x773.jpg 1160w, https:\/\/passaparola.info\/web\/wp-content\/uploads\/2023\/05\/IMG_9153-scaled.jpg 2560w\" ><\/figure>\n\n\n\n<p>Per sottolineare l&#8217;importanza di eventi come questo \u00e8 utile ricordare che la risata \u00e8 un linguaggio universale. Il linguaggio che aiuta a connettere persone di culture e paesi diversi. Ed \u00e8 per questo che attraverso la rete dei <a href=\"https:\/\/www.laralucaccioni.com\/i-club-della-risata-lista-completa-con-regione-e-provincia\/\" data-type=\"URL\" data-id=\"https:\/\/www.laralucaccioni.com\/i-club-della-risata-lista-completa-con-regione-e-provincia\/\">Club della Risata<\/a>, gratuiti, si sta formando una comunit\u00e0 mondiale di persone che si prendono cura e condividono e credono nell&#8217;Amore incondizionato, nella gentilezza e nella compassione.<\/p>\n\n\n\n<figure class=\"wp-block-image size-large\"><img  loading=\"lazy\"  width=\"1024\"  height=\"683\"  src=\"data:image\/png;base64,iVBORw0KGgoAAAANSUhEUgAAAAEAAAABAQMAAAAl21bKAAAAA1BMVEUAAP+KeNJXAAAAAXRSTlMAQObYZgAAAAlwSFlzAAAOxAAADsQBlSsOGwAAAApJREFUCNdjYAAAAAIAAeIhvDMAAAAASUVORK5CYII=\"  alt=\"\"  class=\"wp-image-22844 pk-lazyload\"  data-pk-sizes=\"auto\"  data-ls-sizes=\"(max-width: 1024px) 100vw, 1024px\"  data-pk-src=\"https:\/\/passaparola.info\/web\/wp-content\/uploads\/2023\/05\/IMG_9664-1024x683.jpg\"  data-pk-srcset=\"https:\/\/passaparola.info\/web\/wp-content\/uploads\/2023\/05\/IMG_9664-1024x683.jpg 1024w, https:\/\/passaparola.info\/web\/wp-content\/uploads\/2023\/05\/IMG_9664-300x200.jpg 300w, https:\/\/passaparola.info\/web\/wp-content\/uploads\/2023\/05\/IMG_9664-768x512.jpg 768w, https:\/\/passaparola.info\/web\/wp-content\/uploads\/2023\/05\/IMG_9664-1536x1024.jpg 1536w, https:\/\/passaparola.info\/web\/wp-content\/uploads\/2023\/05\/IMG_9664-2048x1365.jpg 2048w, https:\/\/passaparola.info\/web\/wp-content\/uploads\/2023\/05\/IMG_9664-800x533.jpg 800w, https:\/\/passaparola.info\/web\/wp-content\/uploads\/2023\/05\/IMG_9664-1160x773.jpg 1160w, https:\/\/passaparola.info\/web\/wp-content\/uploads\/2023\/05\/IMG_9664-scaled.jpg 2560w\" ><\/figure>\n\n\n\n<p>&#8220;Se non sai sorridere e ridere, il mondo non avr\u00e0 pace &#8211; scriveva Thich Nhat Hanh, monaco buddista e attivista vietnamita per la pace &#8211; E&#8217; con la nostra capacit\u00e0 di sorridere e ridere, di respirare e di essere pace che possiamo far s\u00ec che la pace sia&#8221;.<\/p>\n\n\n\n<p><strong>Testo e foto di Gilda Luzzi<\/strong><\/p>\n","protected":false},"excerpt":{"rendered":"La Giornata Mondiale della Risata, istituita nel 1998 dal dottor Madan Kataria, fondatore del movimento mondiale dello Yoga della Risata, \u00e8 stata celebrata sulle isole Veneziane il 7 maggio. Una manifestazione positiva per la pace nel mondo con lo scopo&hellip;\n","protected":false},"author":20,"featured_media":22835,"comment_status":"open","ping_status":"open","sticky":false,"template":"","format":"standard","meta":{"_seopress_robots_primary_cat":"none","_seopress_titles_title":"","_seopress_titles_desc":"","_seopress_robots_index":""},"categories":[4316],"tags":[11218,11223,2053,11222,238,11221,11217,9860,11216,11220,11219,295,6290],"_links":{"self":[{"href":"https:\/\/passaparola.info\/web\/wp-json\/wp\/v2\/posts\/22834"}],"collection":[{"href":"https:\/\/passaparola.info\/web\/wp-json\/wp\/v2\/posts"}],"about":[{"href":"https:\/\/passaparola.info\/web\/wp-json\/wp\/v2\/types\/post"}],"author":[{"embeddable":true,"href":"https:\/\/passaparola.info\/web\/wp-json\/wp\/v2\/users\/20"}],"replies":[{"embeddable":true,"href":"https:\/\/passaparola.info\/web\/wp-json\/wp\/v2\/comments?post=22834"}],"version-history":[{"count":18,"href":"https:\/\/passaparola.info\/web\/wp-json\/wp\/v2\/posts\/22834\/revisions"}],"predecessor-version":[{"id":22868,"href":"https:\/\/passaparola.info\/web\/wp-json\/wp\/v2\/posts\/22834\/revisions\/22868"}],"wp:featuredmedia":[{"embeddable":true,"href":"https:\/\/passaparola.info\/web\/wp-json\/wp\/v2\/media\/22835"}],"wp:attachment":[{"href":"https:\/\/passaparola.info\/web\/wp-json\/wp\/v2\/media?parent=22834"}],"wp:term":[{"taxonomy":"category","embeddable":true,"href":"https:\/\/passaparola.info\/web\/wp-json\/wp\/v2\/categories?post=22834"},{"taxonomy":"post_tag","embeddable":true,"href":"https:\/\/passaparola.info\/web\/wp-json\/wp\/v2\/tags?post=22834"}],"curies":[{"name":"wp","href":"https:\/\/api.w.org\/{rel}","templated":true}]}}