{"id":16387,"date":"2021-09-16T11:25:49","date_gmt":"2021-09-16T09:25:49","guid":{"rendered":"https:\/\/passaparola.info\/web\/?p=16387"},"modified":"2021-09-16T11:41:17","modified_gmt":"2021-09-16T09:41:17","slug":"quartier-italie-dudelange","status":"publish","type":"post","link":"https:\/\/passaparola.info\/web\/2021\/09\/16\/quartier-italie-dudelange\/","title":{"rendered":"3 rdv sur le quartier &#8220;Italie&#8221; \u00e0 Dudelange"},"content":{"rendered":"\n<p><strong>Rencontres dans la cadre du projet &#8220;Moving Lusitalia&#8221; (Esch22)<\/strong><\/p>\n\n\n\n<p>Dans le cadre du projet\u00a0<strong>Moving Lusitalia<\/strong>\u00a0(ESCH22), le CDMH proposera plusieurs\u00a0<strong>rencontres avec les habitantes et habitants d\u2019hier et d\u2019aujourd\u2019hui du quartier \u00ab Italien \u00bb de Dudelange les 11, 17 et 31 octobre 2021<\/strong>.<br><br>Nous vous invitons \u00e0 nous rejoindre pour partager votre v\u00e9cu, vos photos, documents et objets. Choisissez \u00ab votre \u00bb rencontre&#8230;<br><br><strong>La r\u00e9union du 10 octobre portera sur les ann\u00e9es 1880 \u00e0 1970<\/strong>, depuis l&#8217;\u00e9mergence du quartier Italien \u00e0 la fin de l\u2019industrie sid\u00e9rurgique de Dudelange (grosso modo, la p\u00e9riode dite \u00ab italienne \u00bb).<br><br>La rencontre sera introduite par la lecture par\u00a0<strong>Jean Back-Hoffmann<\/strong>\u00a0d&#8217;un texte r\u00e9cemment publi\u00e9 dans la revue \u00ab Forum \u00bb, \u00e9voquant l\u2019omnipr\u00e9sence de l\u2019ARBED dans la vie des Dudelangeoises et Dudelangeois de jadis.<br><br><strong>La r\u00e9union du 17 octobre \u00e9voquera la p\u00e9riode allant de la fin des ann\u00e9es 1960 aux d\u00e9buts des ann\u00e9es 2000<\/strong>. Elle est marqu\u00e9e par d&#8217;importants changements en ce qui concerne l\u2019origine g\u00e9ographique des r\u00e9sident-e-s du Quartier, ainsi que les conditions de logement et de mobilit\u00e9 (grosso modo, la p\u00e9riode dite \u00ab portugaise \u00bb).<br><br>La rencontre sera introduite par une pr\u00e9sentation du projet Moving Lusitalia par\u00a0<strong>Heidi Martins, sociologue, chercheure au CDMH<\/strong>.<\/p>\n\n\n\n<figure class=\"wp-block-image size-large\"><img  loading=\"lazy\"  width=\"640\"  height=\"480\"  src=\"data:image\/png;base64,iVBORw0KGgoAAAANSUhEUgAAAAEAAAABAQMAAAAl21bKAAAAA1BMVEUAAP+KeNJXAAAAAXRSTlMAQObYZgAAAAlwSFlzAAAOxAAADsQBlSsOGwAAAApJREFUCNdjYAAAAAIAAeIhvDMAAAAASUVORK5CYII=\"  alt=\"\"  class=\"wp-image-16389 pk-lazyload\"  data-pk-sizes=\"auto\"  data-ls-sizes=\"(max-width: 640px) 100vw, 640px\"  data-pk-src=\"https:\/\/passaparola.info\/web\/wp-content\/uploads\/2021\/09\/DUD.jpeg\"  data-pk-srcset=\"https:\/\/passaparola.info\/web\/wp-content\/uploads\/2021\/09\/DUD.jpeg 640w, https:\/\/passaparola.info\/web\/wp-content\/uploads\/2021\/09\/DUD-300x225.jpeg 300w\" ><figcaption>\u00a9 copyright Romain Girtgen, 2016<\/figcaption><\/figure>\n\n\n\n<p><br><strong>La s\u00e9ance du 31 octobre \u00e9voquera l&#8217;\u00e9volution du Quartier depuis le tournant du mill\u00e9naire<\/strong>. Elle sera introduite par la pr\u00e9sentation du vid\u00e9oclip promotionnel r\u00e9alis\u00e9 par Esch2022. Comment caract\u00e9riser l&#8217;\u00ab Italie \u00bb aujourd&#8217;hui ? Une enclave multiculturelle ? Un quartier dortoir ? Un lieu de m\u00e9moire ?<br><br><strong>Rendez-vous le 10, 17 ou 31 octobre \u00e0 15 heures \u00e0 la Gare-Usines<\/strong>.<br><br>Acc\u00e8s libre dans la limite des places. Veuillez-vous inscrire \u00e0\u00a0<a href=\"mailto:info@cdmh.lu\">info@cdmh.lu<\/a>. Rencontres dans le respect des contraintes COVID en cours.<\/p>\n\n\n\n<p>(Source: <strong><a href=\"https:\/\/www.cdmh.lu\/db\/4\/1494102705014\" data-type=\"URL\" data-id=\"https:\/\/www.cdmh.lu\/db\/4\/1494102705014\">CDMH<\/a><\/strong>)<\/p>\n","protected":false},"excerpt":{"rendered":"Rencontres dans la cadre du projet &#8220;Moving Lusitalia&#8221; (Esch22) Dans le cadre du projet\u00a0Moving Lusitalia\u00a0(ESCH22), le CDMH proposera plusieurs\u00a0rencontres avec les habitantes et habitants d\u2019hier et d\u2019aujourd\u2019hui du quartier \u00ab Italien \u00bb de Dudelange les 11, 17 et 31 octobre&hellip;\n","protected":false},"author":2,"featured_media":16389,"comment_status":"open","ping_status":"open","sticky":false,"template":"","format":"standard","meta":{"_seopress_robots_primary_cat":"","_seopress_titles_title":"","_seopress_titles_desc":"","_seopress_robots_index":""},"categories":[39,4316,7659],"tags":[],"_links":{"self":[{"href":"https:\/\/passaparola.info\/web\/wp-json\/wp\/v2\/posts\/16387"}],"collection":[{"href":"https:\/\/passaparola.info\/web\/wp-json\/wp\/v2\/posts"}],"about":[{"href":"https:\/\/passaparola.info\/web\/wp-json\/wp\/v2\/types\/post"}],"author":[{"embeddable":true,"href":"https:\/\/passaparola.info\/web\/wp-json\/wp\/v2\/users\/2"}],"replies":[{"embeddable":true,"href":"https:\/\/passaparola.info\/web\/wp-json\/wp\/v2\/comments?post=16387"}],"version-history":[{"count":3,"href":"https:\/\/passaparola.info\/web\/wp-json\/wp\/v2\/posts\/16387\/revisions"}],"predecessor-version":[{"id":16391,"href":"https:\/\/passaparola.info\/web\/wp-json\/wp\/v2\/posts\/16387\/revisions\/16391"}],"wp:featuredmedia":[{"embeddable":true,"href":"https:\/\/passaparola.info\/web\/wp-json\/wp\/v2\/media\/16389"}],"wp:attachment":[{"href":"https:\/\/passaparola.info\/web\/wp-json\/wp\/v2\/media?parent=16387"}],"wp:term":[{"taxonomy":"category","embeddable":true,"href":"https:\/\/passaparola.info\/web\/wp-json\/wp\/v2\/categories?post=16387"},{"taxonomy":"post_tag","embeddable":true,"href":"https:\/\/passaparola.info\/web\/wp-json\/wp\/v2\/tags?post=16387"}],"curies":[{"name":"wp","href":"https:\/\/api.w.org\/{rel}","templated":true}]}}