{"id":16023,"date":"2021-06-25T23:13:47","date_gmt":"2021-06-25T21:13:47","guid":{"rendered":"https:\/\/passaparola.info\/web\/?p=16023"},"modified":"2021-06-25T23:13:49","modified_gmt":"2021-06-25T21:13:49","slug":"quando-la-vittima-e-punita","status":"publish","type":"post","link":"https:\/\/passaparola.info\/web\/2021\/06\/25\/quando-la-vittima-e-punita\/","title":{"rendered":"Quando la vittima \u00e8 punita \u2026"},"content":{"rendered":"\n<p><strong>Un comunicato stampa congiunto (ASTI asbl, CID Fraen an Gender, CLAE, Finkap\u00e9 \u2013 Reseau Afro-Descendant Luxembourg, Time for Equality) per denunciare la situazione degli irregolari in Lussemburgo che, se denuciano sfruttamento e violenze, rischiano l&#8217;espulsione.<\/strong><\/p>\n\n\n\n<p>Nell&#8217;ambito della distribuzione di aiuti alimentari alle persone in situazione di soggiorno irregolare in Lussemburgo, il gruppo di assistenti sociali dello sportello informativo per migranti dell&#8217;ASTI \u00e8 spesso confrontato con situazioni di abuso, sfruttamento e violenza nei confronti di persone in una situazione di vita fragilizzata.<\/p>\n\n\n\n<p>A causa della loro situazione di soggiorno irregolare, sono molto poche le persone coinvolte che hanno il coraggio di parlare e di prendere l&#8217;iniziativa di rivolgersi agli organi competenti per denunciare la loro situazione di sfruttamento e violenza. Questo non \u00e8 il caso di una giovane donna brasiliana che ha osato parlare<\/p>\n\n\n\n<p><strong>Infatti lei ha deciso di rivolgersi alla polizia per difendersi da un datore di lavoro violento e sfruttatore, dopo aver subito numerosi abusi. <\/strong>Non solo il suo datore di lavoro non la pagava secondo le condizioni stabilite dal codice del lavoro, ma \u00e8 stata anche vittima di palpeggiamenti, molestie sessuali, violenze verbali e fisiche.<\/p>\n\n\n\n<p>Dopo aver ricevuto il messaggio seguente: &#8220;<em>Puoi pure andare dalla polizia, le conseguenze saranno peggiori per te che per me<\/em>&#8220;, non si \u00e8 fatta intimidire, fiduciosa che la giustizia l&#8217;avrebbe protetta.<\/p>\n\n\n\n<p>Dopo quasi 5 ore di colloquio con la polizia e dopo la comunicazione apposita alla Direzione dell&#8217;Immigrazione, le \u00e8 stato confiscato il passaporto e le \u00e8 stato imposto un decreto di lasciare il territorio entro 30 giorni. Inoltre \u00e8 tenuta a presentarsi al Dipartimento dell&#8217;Immigrazione il 1\u00b0 luglio 2021 per organizzare il suo rimpatrio volontario. Come unico risultato della sua denuncia contro il datore di lavoro, quest\u2019ultimo sar\u00e0 semplicemente convocato per esporre la sua versione dei fatti.<\/p>\n\n\n\n<p><strong>Per le organizzazioni che hanno firmato questo comunicato stampa \u00e8 chiaramente inaccettabile che le vittime di sfruttamento e aggressione siano dissuase dal presentare denuncia alla polizia, specialmente quando sono prive di&nbsp; titolo di soggiorno<\/strong>. Quanto \u00e8 successo lo mette in chiara&nbsp; evidenza, infatti le conseguenze di una denuncia alla polizia sono peggiori per la vittima che per il datore di lavoro. Questa logica favorisce la violenza, lo sfruttamento e la tratta di esseri umani.<\/p>\n\n\n\n<p>Questa donna \u00e8 un&#8217;eccezione, perch\u00e9 la maggior parte delle vittime non ha il coraggio di parlare. Eppure sappiamo tutti che le persone in situazione di soggiorno irregolare, specialmente le donne, sono facile bersaglio di ogni tipo di sfruttamento e violenza. Il suo coraggio dovrebbe essere elogiato e incoraggiato, invece viene represso.<\/p>\n\n\n\n<p>Sicuramente il Lussemburgo ha i mezzi legali per proteggere le vittime accertate della tratta di esseri umani, <strong>ma cosa succede alle vittime di sfruttamento e di violenze?<\/strong><\/p>\n\n\n\n<p><strong>Deploriamo vivamente il fatto che la soluzione di respingere la vittima nel suo paese sia quella principale e che le conseguenze legali di una denuncia di molestie e violenze passino cos\u00ec in secondo piano!<\/strong><\/p>\n\n\n\n<p>Per questo abbiamo rivolto al ministro dell&#8217;Immigrazione e dell&#8217;Asilo Jean Asselborn la richiesta di sospendere il decreto di espulsione della vittima. Siamo anche intervenuti presso la ministra dell&#8217;Uguaglianza Taina Bofferding e il ministro della Sicurezza interna Henri Kox per chiedere loro di attivarsi quanto prima <strong>affinch\u00e9 sia avviata una procedura che permetta alle vittime in situazione di soggiorno irregolare di essere protette e affinch\u00e9 siano esaminate le denunce contro datori di lavoro senza scrupoli<\/strong>.<\/p>\n\n\n\n<p>Le recentissime raccomandazioni dell&#8217;Agenzia dei diritti fondamentali dell&#8217;Unione europea (FRA) sulla protezione dei diritti dei lavoratori migranti sfruttati, pubblicate gioved\u00ec 24 giugno 2021<a href=\"#_ftn1\">[1]<\/a> vanno chiaramente in questa direzione. Come sottolinea il direttore della FRA Michael O&#8217;Flaherty, &#8220;I<strong> paesi dell&#8217;UE devono raddoppiare i loro sforzi per proteggere i migranti irregolari dallo sfruttamento del lavoro, per indennizzare le vittime e per garantire che i datori di lavoro paghino tutti i salari dovuti, specialmente ora durante la pandemia<\/strong>&#8220;.<a href=\"#_ftn2\">[2]<\/a><\/p>\n\n\n\n<p>Il Lussemburgo deve inviare un messaggio molto chiaro: le vittime vanno prese in considerazione, a prescindere dal loro statuto di soggiorno, in un vero spirito di solidariet\u00e0 e di sostegno dei diritti fondamentali cui il nostro paese aderisce.<\/p>\n\n\n\n<p>I firmatari<\/p>\n\n\n\n<p><strong>ASTI asbl<\/strong><\/p>\n\n\n\n<p><strong>CID Fraen an Gender<\/strong><\/p>\n\n\n\n<p><strong>CLAE<\/strong><\/p>\n\n\n\n<p><strong>Finkap\u00e9 \u2013 Reseau Afro-Descendant Luxembourg<\/strong><\/p>\n\n\n\n<p><strong>Time for Equality<\/strong><\/p>\n\n\n\n<p>(Traduzione Antonio Dellagiacoma)<\/p>\n\n\n\n<hr class=\"wp-block-separator\"\/>\n\n\n\n<p><a href=\"#_ftnref1\">[1]<\/a>&nbsp;&nbsp;&nbsp;&nbsp; In inglese nella versione originale: <a href=\"https:\/\/fra.europa.eu\/en\/news\/2021\/step-rights-protection-exploited-migrant-workers\">https:\/\/fra.europa.eu\/en\/news\/2021\/step-rights-protection-exploited-migrant-workers<\/a><\/p>\n\n\n\n<p><a href=\"#_ftnref2\">[2]<\/a>&nbsp;&nbsp;&nbsp;&nbsp; In inglese nella versione originale: <a href=\"https:\/\/fra.europa.eu\/en\/news\/2021\/step-rights-protection-exploited-migrant-workers\">https:\/\/fra.europa.eu\/en\/news\/2021\/step-rights-protection-exploited-migrant-workers<\/a><\/p>\n","protected":false},"excerpt":{"rendered":"Un comunicato stampa congiunto (ASTI asbl, CID Fraen an Gender, CLAE, Finkap\u00e9 \u2013 Reseau Afro-Descendant Luxembourg, Time for Equality) per denunciare la situazione degli irregolari in Lussemburgo che, se denuciano sfruttamento e violenze, rischiano l&#8217;espulsione. Nell&#8217;ambito della distribuzione di aiuti&hellip;\n","protected":false},"author":2,"featured_media":16025,"comment_status":"open","ping_status":"open","sticky":false,"template":"","format":"standard","meta":{"_seopress_robots_primary_cat":"","_seopress_titles_title":"","_seopress_titles_desc":"","_seopress_robots_index":""},"categories":[4316],"tags":[8666,8665,532,8667,2616],"_links":{"self":[{"href":"https:\/\/passaparola.info\/web\/wp-json\/wp\/v2\/posts\/16023"}],"collection":[{"href":"https:\/\/passaparola.info\/web\/wp-json\/wp\/v2\/posts"}],"about":[{"href":"https:\/\/passaparola.info\/web\/wp-json\/wp\/v2\/types\/post"}],"author":[{"embeddable":true,"href":"https:\/\/passaparola.info\/web\/wp-json\/wp\/v2\/users\/2"}],"replies":[{"embeddable":true,"href":"https:\/\/passaparola.info\/web\/wp-json\/wp\/v2\/comments?post=16023"}],"version-history":[{"count":4,"href":"https:\/\/passaparola.info\/web\/wp-json\/wp\/v2\/posts\/16023\/revisions"}],"predecessor-version":[{"id":16049,"href":"https:\/\/passaparola.info\/web\/wp-json\/wp\/v2\/posts\/16023\/revisions\/16049"}],"wp:featuredmedia":[{"embeddable":true,"href":"https:\/\/passaparola.info\/web\/wp-json\/wp\/v2\/media\/16025"}],"wp:attachment":[{"href":"https:\/\/passaparola.info\/web\/wp-json\/wp\/v2\/media?parent=16023"}],"wp:term":[{"taxonomy":"category","embeddable":true,"href":"https:\/\/passaparola.info\/web\/wp-json\/wp\/v2\/categories?post=16023"},{"taxonomy":"post_tag","embeddable":true,"href":"https:\/\/passaparola.info\/web\/wp-json\/wp\/v2\/tags?post=16023"}],"curies":[{"name":"wp","href":"https:\/\/api.w.org\/{rel}","templated":true}]}}