{"id":12532,"date":"2021-01-05T15:29:04","date_gmt":"2021-01-05T14:29:04","guid":{"rendered":"https:\/\/bleuciel.lu\/passaparola\/2021\/01\/05\/qualche-lieve-concessione-ma-ancora-tanta-prudenza\/"},"modified":"2021-06-14T00:57:03","modified_gmt":"2021-06-13T22:57:03","slug":"qualche-lieve-concessione-ma-ancora-tanta-prudenza","status":"publish","type":"post","link":"https:\/\/passaparola.info\/web\/2021\/01\/05\/qualche-lieve-concessione-ma-ancora-tanta-prudenza\/","title":{"rendered":"Qualche lieve concessione, ma ancora tanta prudenza"},"content":{"rendered":"<p><strong>PRIMO MINISTRO E MINISTRA SALUTE PARLANO AL PAESE NELLA PRIMA\u00a0CONFERENZA STAMPA DEL 2021-01-05.\u00a0ECCO LE NOVIT\u00c0<\/strong><\/p>\n<p><b>BETTEL<\/b><\/p>\n<p>Riaprono le scuole e i negozi, sport funzioner\u00e0 parzialmente, anche settore culturale. Tutto con restrizioni.<strong> Proposta per allungarle fino al 30.1.2021<\/strong>. Dobbiamo sempre gestire l\u2019emergenza sanitaria. Ma la salute mentale \u00e8 stata molto compromessa e se ci sono meno malati in ospedale, ce ne sono molti di pi\u00f9 in reparti psichiatrici. Ed anche la scelta delle scuole aperte \u00e8 fatta al fine di non compromettere il futuro dei giovani. Riaprono anche i doposcuola e non ci sar\u00e0 pi\u00f9 bisogno di <em>cong\u00e9<\/em> per ragioni familiari. Non abbiamo presto queste decisioni a cuor leggero e sappiamo che se la situazione peggiora, dobbiamo riprendere delle misure, ma per ora ci saranno minori restrizioni basate dei dati recenti che sono migliori.<\/p>\n<p><b>LENERT<\/b><\/p>\n<p>Il mese di gennaio sar\u00e0 critico, ma oggi possiamo dire di aver potuto gestire l\u2019ondata.<\/p>\n<p>Abbiamo raggiunto i risultati che ci eravamo posti. Non abbiamo ancora raggiunto la meta che ci siamo prefissati. Non siamo ancora in una fase rassicurante, ma siamo almeno di nuovo nella fase 3 e non 4 (ovvero senza letti disponibili). Siamo pi\u00f9 o meno allo stesso livello dei Paesi vicini e siamo sempre a rischio. Per questo ad oggi non possiamo ancora fare un grande passo verso il <i>d\u00e9confinement<\/i>. Per questo la chiusura del settore <i>Horeca<\/i> durer\u00e0 ancora fino a fine gennaio. Dagli studi degli esperti \u00e8 confermato che nei ristoranti il rischio di contagio \u00e8 alto. E la raccomandazione \u00e8 anche quella di non raggrupparsi troppo al proprio domicilio, dove \u00e8 pi\u00f9 facile lasciarsi andare e non rispettare le regole sanitarie. La variante inglese \u00e8 pi\u00f9 contagiosa e questo \u00e8 anche il motivo per il quale \u00e8 davvero ancora importante essere prudenti.<\/p>\n<p>Dall\u2019analisi delle stazioni di depurazione abbiamo conferma che siamo sulla buona strada. Prolunghiamo anche il divieto di consumare alcolici per strada (perch\u00e9 ci\u00f2 \u00e8 molto rischioso in quanto ci si leva la maschera mentre si \u00e8 in gruppo). <strong>I negozi potranno riaprire con regole severe:<\/strong> <strong>1 persona per 10 mq e massimo 2 persone per i negozi piccoli.<\/strong> Vogliamo riaprire certe attivit\u00e0, ma con un severo rispetto delle regole. Questo vale per la cultura e per lo sport. Per lo sport ancora pi\u00f9 severe. Consigliamo di evitare per questo mese di offrire da mangiare e bere alle persone che fate entrare in casa, perch\u00e9 nel momento che ci si toglie la mascherina \u00e8 l\u00ec che il rischio \u00e8 alto.<\/p>\n<p><strong>Domande della stampa<\/strong><\/p>\n<p><b>Rapporto Sanit\u00e0 consiglia di rinforzare le misure. Perch\u00e9 allora allentarle?<\/b><\/p>\n<p>Abbiamo dei dati che ci confermano dove il rischio \u00e8 pi\u00f9 alto e allentiamo tenendo conto di questi rischi.<\/p>\n<p><b>Siete soddisfatti della campagna vaccini? <\/b><\/p>\n<p>S\u00ec, abbiamo messo in moto un metodo istituito dalla UE, che riteniamo corretto ed efficace.<\/p>\n<p><b>Dettagli limiti ambiente sport? <\/b><\/p>\n<p>Il Ministro Kersch far\u00e0 conferenza stampa a breve\u00a0 per spiegare tutti i dettagli.<\/p>\n<p><b>Nuovo coprifuoco?<\/b><\/p>\n<p>Alle 23.<\/p>\n<p><b>Come calcolate le situazioni di emergenza in base ai dati?<\/b><\/p>\n<p>Oltre i 150 casi al giorno la questione <i>tracing <\/i>diventa complicata e questo \u00e8 l\u2019indicatore-base per agire di conseguenza. Le scelte che facciamo tengono conto della salute, ma anche della salute mentale e della condizione sociale del Paese. Il pacchetto di restrizioni per gennaio \u00e8 ancora molto severo. Cerchiamo la normalit\u00e0, ma mantenendo limiti severi.<\/p>\n<p><b>Situazioni vaccini?<\/b><\/p>\n<p>Facciamo parte dei Paesi che si impegnano per un acquisto comune. Prevediamo l\u2019arrivo di un milione di dosi nelle prossime settimane. Ho fiducia nel processo \u201cordini\/consegne\u201d.<\/p>\n<p><b>Le critiche di Ursula Von der Leyen tra UE e Pfizer per gli ordini: ha dei commenti?<\/b><\/p>\n<p>Per quel che ci riguarda, per noi il nostro ordine \u00e8 ok.<\/p>\n<p><b>Regole nei posti di lavoro?<\/b><\/p>\n<p>Si basano sempre su raccomandazioni al fine di preservare la salute dei lavoratori. Il telelavoro, laddove possibile, sar\u00e0 mantenuto.<\/p>\n<p><b>Vaccino <i>Moderna<\/i> sar\u00e0 autorizzato settimana prossima. Ha idea di quando avremo immunit\u00e0 di gregge in base al calendario-\u00a0 vaccini?<\/b><\/p>\n<p>Non possiamo ancora fare ipotesi ora, tutto dipender\u00e0 dall\u2019arrivo dei vaccini: quanti, quali e quando. Siamo abbastanza ottimismi, ma non possiamo fare pronostici precisi senza avere delle informazioni precise. A tale proposito \u00e8 importante vaccinarsi per uscire presto da questa crisi.<\/p>\n<p><b>Finora abbiamo osservato le TI, ma gli psichiatri hanno denunciato una penuria di posti liberi in questo settore ospedaliero. Prevede problemi in tal senso?<\/b><\/p>\n<p>No, non ci sono notizie allarmanti per ora.<\/p>\n<p><b>Quando non ci sar\u00e0 pi\u00f9 il coprifuoco?<\/b><\/p>\n<p>Quello delle ore 23 ha avuto effetti positivi ed \u00e8 stato rispettato bene. Quindi per questo lo rimettiamo, ma lo manteniamo. Ha un certo impatto sul controllo dei contagi.<\/p>\n<p><b>Rischiamo nuove restrizioni nelle prossime settimane?<\/b><\/p>\n<p>Non possiamo davvero saperlo, questo vale per noi e per tutta l\u2019Europa.<\/p>\n<p><b>Cosa pesa sulle persone affette da disturbi psichiatrici?<\/b><\/p>\n<p>Abbiamo incontrato adulti e bimbi in questi ambienti e gli \u201caddetti ai lavori\u201d ci hanno detto che i pazienti mostrano problemi a livello di depressione (l\u2019inverno poi non aiuta!) perch\u00e9 non hanno prospettive sul futuro. La situazione non \u00e8 drammatica, ma da tenere sotto controllo. C\u2019\u00e8 una <i>hotline<\/i> ad hoc e potr\u00f2 darvi pi\u00f9 informazioni alla prossima conferenza stampa.<\/p>\n<p><b>Maria Grazia Galati<\/b><\/p>\n<p>&nbsp;<\/p>\n","protected":false},"excerpt":{"rendered":"PRIMO MINISTRO E MINISTRA SALUTE PARLANO AL PAESE NELLA PRIMA\u00a0CONFERENZA STAMPA DEL 2021-01-05.\u00a0ECCO LE NOVIT\u00c0 BETTEL Riaprono le scuole e i negozi, sport funzioner\u00e0 parzialmente, anche settore culturale. Tutto con restrizioni. Proposta per allungarle fino al 30.1.2021. Dobbiamo sempre gestire&hellip;\n","protected":false},"author":17,"featured_media":5657,"comment_status":"closed","ping_status":"closed","sticky":false,"template":"","format":"standard","meta":{"_seopress_robots_primary_cat":"","_seopress_titles_title":"","_seopress_titles_desc":"","_seopress_robots_index":""},"categories":[6999,4316,8487,29],"tags":[7223,176,7294,1231],"_links":{"self":[{"href":"https:\/\/passaparola.info\/web\/wp-json\/wp\/v2\/posts\/12532"}],"collection":[{"href":"https:\/\/passaparola.info\/web\/wp-json\/wp\/v2\/posts"}],"about":[{"href":"https:\/\/passaparola.info\/web\/wp-json\/wp\/v2\/types\/post"}],"author":[{"embeddable":true,"href":"https:\/\/passaparola.info\/web\/wp-json\/wp\/v2\/users\/17"}],"replies":[{"embeddable":true,"href":"https:\/\/passaparola.info\/web\/wp-json\/wp\/v2\/comments?post=12532"}],"version-history":[{"count":1,"href":"https:\/\/passaparola.info\/web\/wp-json\/wp\/v2\/posts\/12532\/revisions"}],"predecessor-version":[{"id":15776,"href":"https:\/\/passaparola.info\/web\/wp-json\/wp\/v2\/posts\/12532\/revisions\/15776"}],"wp:featuredmedia":[{"embeddable":true,"href":"https:\/\/passaparola.info\/web\/wp-json\/wp\/v2\/media\/5657"}],"wp:attachment":[{"href":"https:\/\/passaparola.info\/web\/wp-json\/wp\/v2\/media?parent=12532"}],"wp:term":[{"taxonomy":"category","embeddable":true,"href":"https:\/\/passaparola.info\/web\/wp-json\/wp\/v2\/categories?post=12532"},{"taxonomy":"post_tag","embeddable":true,"href":"https:\/\/passaparola.info\/web\/wp-json\/wp\/v2\/tags?post=12532"}],"curies":[{"name":"wp","href":"https:\/\/api.w.org\/{rel}","templated":true}]}}