{"id":12417,"date":"2020-07-12T14:33:43","date_gmt":"2020-07-12T12:33:43","guid":{"rendered":"https:\/\/bleuciel.lu\/passaparola\/2020\/07\/12\/ottimismo-coraggio-prudenza\/"},"modified":"2021-06-14T00:56:44","modified_gmt":"2021-06-13T22:56:44","slug":"ottimismo-coraggio-prudenza","status":"publish","type":"post","link":"https:\/\/passaparola.info\/web\/2020\/07\/12\/ottimismo-coraggio-prudenza\/","title":{"rendered":"Ottimismo, coraggio, prudenza"},"content":{"rendered":"<p style=\"text-align: center;\"><a href=\"https:\/\/passaparola.info\/web\/wp-content\/uploads\/2020\/09\/COVER_PP_estate_2020-1-page-001.jpg\"><img  loading=\"lazy\"  class=\"alignnone size-medium wp-image-27297 pk-lazyload\"  alt=\"COVER_PP_estate_2020-1-page-001\"  src=\"data:image\/png;base64,iVBORw0KGgoAAAANSUhEUgAAASwAAACvAQMAAAB94HH0AAAAA1BMVEUAAP+KeNJXAAAAAXRSTlMAQObYZgAAAAlwSFlzAAAOxAAADsQBlSsOGwAAAB1JREFUWMPtwTEBAAAAwqD1T20MH6AAAAAAAADgYBqpAAEBmEgMAAAAAElFTkSuQmCC\"  width=\"212\"  height=\"300\"  data-pk-sizes=\"auto\"  data-pk-src=\"https:\/\/passaparola.info\/web\/wp-content\/uploads\/2020\/09\/COVER_PP_estate_2020-1-page-001.jpg\" ><\/a><\/p>\n<p style=\"text-align: justify;\">E siamo arrivati all\u2019estate.\u00a0Sicuramente la pi\u00f9 improbabile che potessimo aspettarci. Reduci dalla \u00ab\u00a0clausura forzata\u00a0\u00bb della pandemia, scettici nella\u00a0<i>fase 2<\/i>, divisi in due categorie della\u00a0<i>fase 3<\/i>: cauti con buon senso e incauti con menefreghismo.\u00a0In qualche modo cerchiamo tutti di (ri)partire, proprio come abbiamo strillato in copertina. Come?\u00a0<b>Con questo numero che sar\u00e0 l\u2019ultimo in formato solo digitale e, quindi, eccezionalmente gratuito anche per chi non \u00e8 abbonato.<\/b>\u00a0Con una proposta di viaggio volutamente alternativa, scegliendo una meta classica delle nostre vacanze italiane, la Sardegna, ma proponendovela nel suo aspetto pi\u00f9 originale e inconsueto.<\/p>\n<p style=\"text-align: justify;\">Fedeli a quello spirito che ci vuole sempre alla ricerca di informazioni e suggerimenti fuori dall\u2019ordinario. E con un\u2019immagine che \u00e8 anche metafora della nostra Rivista, da sempre un \u00ab\u00a0ponte\u00a0\u00bb fra il Granducato e il Belpaese. <strong>Perch\u00e9 dalle miniere dismesse del Sulcis a quelle chiuse da tempo del Sud del Lussemburgo o della Lorena il passo \u00e8 breve;<\/strong> ed \u00e8 un passo che accomuna la storia degli operai italiani, vicini (anche se distanti) nella fatica e nell\u2019orgoglio: che sia nelle viscere della Sardegna o di esch-sur-Alzette o di\u00a0Hagondange.<\/p>\n<p style=\"text-align: justify;\">Ma poich\u00e9 il virus \u00e8, purtroppo, ancora con noi, molti sono gli articoli dedicati all\u2019argomento e affrontati sotto luci diverse: dalla discriminazione di genere alla TV, dalla preghiera all\u2019economia.\u00a0<i>Ripartire<\/i>\u00a0per noi \u00e8 anche e soprattutto\u00a0<i>continuare<\/i>\u00a0e farlo ogni mese sia con un nuovo numero di\u00a0<i>PassaParola Magazine<\/i>\u00a0(nonostante le immense difficolt\u00e0 che la crisi sanitaria ci costringe ad affrontare) che attraverso la trasmissione radiofonica\u00a0<i>VoicesbyPassaParola<\/i>, tornata ad affrontare argomenti di vario tipo dopo ben 3 mesi tutti dedicati alla pandemia (incluso il servizio-notiziario in italiano\u00a0#<i>InfoquARArantena<\/i>).<\/p>\n<p style=\"text-align: justify;\">Vi auguriamo una buona estate, all\u2019insegna dell\u2019ottimismo che non deve essere incosciente e della prudenza da coniugarsi al coraggio.\u00a0Trascorretela anche in nostra compagnia per tutto luglio e agosto (numero unico per due mesi, come sempre). W le buone letture!!<\/p>\n<p style=\"text-align: justify;\"><em>L\u2019illustration de notre couverture est aussi une m\u00e9taphore de notre magazine, depuis toujours un \u00ab pont \u00bb entre le Grand-Duch\u00e9, la France et l\u2019Italie. Car il n\u2019y a qu\u2019un pas des mines abandonn\u00e9es du Sulcis \u00e0 celles ferm\u00e9es depuis longtemps du sud du Luxembourg ou de la Lorraine ; mais ce pas unit l\u2019histoire des ouvriers italiens, proches (m\u00eame si \u00e9loign\u00e9s) dans la peine comme dans l\u2019orgueil : que ce soit dans les entrailles de la Sardaigne ou dans celles d\u2019Esch-sur-Alzette ou d\u2019Hagondange.<\/em><\/p>\n<p><strong>\u00a0Maria Grazia Galati e Paola Cairo<\/strong><\/p>\n","protected":false},"excerpt":{"rendered":"E siamo arrivati all\u2019estate.\u00a0Sicuramente la pi\u00f9 improbabile che potessimo aspettarci. Reduci dalla \u00ab\u00a0clausura forzata\u00a0\u00bb della pandemia, scettici nella\u00a0fase 2, divisi in due categorie della\u00a0fase 3: cauti con buon senso e incauti con menefreghismo.\u00a0In qualche modo cerchiamo tutti di (ri)partire, proprio&hellip;\n","protected":false},"author":2,"featured_media":5958,"comment_status":"closed","ping_status":"closed","sticky":false,"template":"","format":"standard","meta":{"_seopress_robots_primary_cat":"","_seopress_titles_title":"","_seopress_titles_desc":"","_seopress_robots_index":""},"categories":[30,29],"tags":[7552,1094,7553,7554,7555,1647],"_links":{"self":[{"href":"https:\/\/passaparola.info\/web\/wp-json\/wp\/v2\/posts\/12417"}],"collection":[{"href":"https:\/\/passaparola.info\/web\/wp-json\/wp\/v2\/posts"}],"about":[{"href":"https:\/\/passaparola.info\/web\/wp-json\/wp\/v2\/types\/post"}],"author":[{"embeddable":true,"href":"https:\/\/passaparola.info\/web\/wp-json\/wp\/v2\/users\/2"}],"replies":[{"embeddable":true,"href":"https:\/\/passaparola.info\/web\/wp-json\/wp\/v2\/comments?post=12417"}],"version-history":[{"count":1,"href":"https:\/\/passaparola.info\/web\/wp-json\/wp\/v2\/posts\/12417\/revisions"}],"predecessor-version":[{"id":15675,"href":"https:\/\/passaparola.info\/web\/wp-json\/wp\/v2\/posts\/12417\/revisions\/15675"}],"wp:featuredmedia":[{"embeddable":true,"href":"https:\/\/passaparola.info\/web\/wp-json\/wp\/v2\/media\/5958"}],"wp:attachment":[{"href":"https:\/\/passaparola.info\/web\/wp-json\/wp\/v2\/media?parent=12417"}],"wp:term":[{"taxonomy":"category","embeddable":true,"href":"https:\/\/passaparola.info\/web\/wp-json\/wp\/v2\/categories?post=12417"},{"taxonomy":"post_tag","embeddable":true,"href":"https:\/\/passaparola.info\/web\/wp-json\/wp\/v2\/tags?post=12417"}],"curies":[{"name":"wp","href":"https:\/\/api.w.org\/{rel}","templated":true}]}}