{"id":12249,"date":"2020-03-15T21:28:37","date_gmt":"2020-03-15T20:28:37","guid":{"rendered":"https:\/\/bleuciel.lu\/passaparola\/2020\/03\/15\/24-19-ncov-le-parole-di-bettel-e-di-lenert-dopo-il-consiglio-straordinario-di-governo-15-03\/"},"modified":"2021-06-14T00:56:14","modified_gmt":"2021-06-13T22:56:14","slug":"24-19-ncov-le-parole-di-bettel-e-di-lenert-dopo-il-consiglio-straordinario-di-governo-15-03","status":"publish","type":"post","link":"https:\/\/passaparola.info\/web\/2020\/03\/15\/24-19-ncov-le-parole-di-bettel-e-di-lenert-dopo-il-consiglio-straordinario-di-governo-15-03\/","title":{"rendered":"24\/19-nCoV: le parole di Bettel e di Lenert dopo il Consiglio straordinario di governo (15\/03)"},"content":{"rendered":"<p><strong>Xavier Bettel<\/strong><\/p>\n<p style=\"text-align: justify;\">Il Governo si \u00e8 riunito di nuovo alle 15 per fare un punto sulla crisi del Covid-19 nel Granducato e annunciamo nuove misure pi\u00f9 severe di quelle attuate finora per cercare di circoscrivere la diffusione del virus.<\/p>\n<p style=\"text-align: justify;\">I casi sono in aumento. Ad ora siamo a 51 persone infettate (al momento del discorso, <em>ndr<\/em>) . I numeri esatti verranno comunicati stasera appena li avremo e quindi da adesso in poi chiudono gli esercizi del settore \u00a0<i>horeca<\/i> e le cucine dei ristoranti. <strong>Si chiede alle persone di salute cagionevole (con problemi di diabete, di cancro e cardiovascolari) e oltre i 65 anni di non uscire pi\u00f9 di casa e cercare volontari e muoversi solo in caso di bisogno assoluto e a tutte le altre persone di uscire di casa solo per le necessit\u00e0 pi\u00f9 urgenti e assolute.<\/strong> C\u2019\u00e8 un grande bisogno di solidariet\u00e0 e siamo grati a tutti coloro che potranno offrire la loro assistenza in forma volontaria, della quale abbiamo grande bisogno per l\u2019assistenza alle persone pi\u00f9 vulnerabili.<\/p>\n<p style=\"text-align: justify;\"><strong>Gli spostamenti dovranno essere limitati per lavoro, visite mediche e in caso di urgenza, per ragioni assolutamente necessarie (anche in banca e dal notaio)<\/strong>. Oppure per comprare materiale medico per le persone anziane. I luoghi che dispensano cibo rimarranno aperti e autorizzati. Anche la vita all\u2019aria aperta \u00e8 possibile, ma solo con una distanza di un minimo di 2 metri tra persone.\u00a0 Si pu\u00f2 andare a camminare nel bosco senza problemi, soprattutto per i bambini: l\u2019importante \u00e8 che le regole generali siano rispettate e che si possa evitare il contatto con le altre persone. Gli spostamenti urgenti verso notai o banche si possono fare; anche altri spostamenti assolutamente necessari.<\/p>\n<p style=\"text-align: justify;\"><strong>Da stasera\u00a0 alla mezzanotte verranno chiusi tutti i ristoranti e i bar, i cinema, le biblioteche: tutto sar\u00e0 chiuso fino a nuovo ordine. Tutte le attivit\u00e0 culturali e sportive sono sospese. Anche stadi e palestre saranno chiusi. Abbiamo deciso che tutti i negozi e tutte le societ\u00e0 aperti al pubblico devono essere chiusi. <\/strong><\/p>\n<p style=\"text-align: justify;\"><strong>Non sono coinvolti tutti i negozi di alimentari, i macellai e quelli che dispensano cibo. Non bisogna cedere al panico.<\/strong> I negozi di alimentari rimarranno aperti, cos\u00ec come le farmacie, gli ottici, i negozi del settore della comunicazione, tutti i negozi che vendono articoli per l\u2019igiene, i benzinai, le edicole, i servizi funerari. Bisogna sottolineare\u00a0 che, del settore <i>Horeca<\/i>, tutto quello che \u00e8 consegna a domicilio, ordinazioni e <i>takeaway<\/i> pu\u00f2 rimanere aperto e anche i <i>drive<\/i>. Gli hotel rimarranno aperti, ma i ristoranti degli hotel dovranno chiudere. Quindi, per esempio, la colazione si potr\u00e0 fare solo in camera. Le cucine del settore <i>Horeca<\/i> possono funzionare, ma i ristoranti dove verranno accolte le persone saranno chiusi. Si potr\u00e0 preparare cibo da asporto, ma non servire cibo all\u2019interno del risorante.<\/p>\n<p style=\"text-align: justify;\">Quindi tutto quanto sar\u00e0 limitato all\u2019essenziale, ci sar\u00e0 una riduzione delle attivit\u00e0 e dei contatti sociali.<\/p>\n<p style=\"text-align: justify;\"><strong>I servizi di trasporto pubblico sono assicurati.<\/strong><\/p>\n<p style=\"text-align: justify;\">I viaggi dovranno essere concentrati sulle attivit\u00e0 essenziali. E si dovr\u00e0 lavorare al massimo con il telelavoro. I servizi pubblici continueranno a lavorare. Voglio sottolineare che, per quanto riguarda la filiera della distribuzione di merci, non ci sono problemi. Abbiamo ancora una volta parlato con tutti i grossisti e siamo sicuri che i negozi avranno tutto quello che\u00a0 servir\u00e0 per fornire ai cittadini cibo e approvvigionamento di base.<\/p>\n<p style=\"text-align: justify;\"><strong>Un altro messaggio importante \u00e8 che lo Stato funziona e continuer\u00e0 a funzionare.<\/strong> Nella funzione pubblica, nei prossimi giorni prenderemo delle misure supplementari per ridurre alcuni servizi. Si fa massimo ricorso al telelavoro per servizi e sportelli. Tutto sar\u00e0 ridotto, ma funzioner\u00e0 comunque. Tutti i funzionari che non svolgeranno delle attivit\u00e0 essenziali potranno essere reindirizzati ad altre attivit\u00e0.<\/p>\n<p style=\"text-align: justify;\"><strong>Le tasse non dovranno essere pagate immediatamente, ma possono essere procrastinate al 15 maggio. <\/strong><\/p>\n<p style=\"text-align: justify;\"><strong>Per quanto riguarda le frontiere, questo \u00e8 un argomento che ricorre spesso<\/strong>. Ho parlato con i governi francese, tedesco e belga. Il nostro ministro degli Affari Esteri ha parlato con i suoi omologhi. Dalla parte francese e belga non c\u2019\u00e8 in previsione di chiudere le frontiere del tutto, ma si faranno pi\u00f9controlli. Da parte tedesca stiamo valutando di chiudere le frontiere. Abbiamo comunque parlato con Berlino per accordarci sui lavoratori frontalieri che vengono dalla Germania che non saranno coinvolti da questo sistema. Abbiamo gi\u00e0 spiegato che il nostro sistema sanitario collasserebbe se dovessimo chiudere tutte le frontiere; quindi, \u00e8 importante avere la garanzia che esso possa continuare a funzionare.<\/p>\n<p style=\"text-align: justify;\">Sono cosciente che \u00e8 un momento speciale per noi tutti e so anche che lo \u00e8 per tutta la societ\u00e0. Le misure che stiamo prendendo attualmente sono serie, a lungo termine, ma sono necessarie e giuste. \u00c8 il momento della solidariet\u00e0 nel nostro Paese, un momento in cui le persone devono aiutarsi e proteggersi vicendevolmente.<\/p>\n<p style=\"text-align: justify;\"><strong>Paulette Lenert<\/strong><\/p>\n<p style=\"text-align: justify;\">Stiamo lavorando al fine di combattere al meglio questo virus e le prossime ore saranno dedicate all\u2019organizzazione del lavoro di assistenza medica.<\/p>\n<p style=\"text-align: justify;\"><strong>Vi invitiamo alla disciplina e alla solidariet\u00e0.<\/strong> Cercheremo di creare una rete fra Centro, Nord e Sud al fine di ottimizzare le infrastrutture, velocizzare il lavoro e incentivare il personale. Abbiamo fatto appello ai medici per collaborare e stiamo gi\u00e0 ricevendo un ottimo feedback. Organizzeremo una sinergia con laboratori privati per ottimizzare le analisi.<strong> Cercheremo di usare i tamponi in maniera mirata e efficace davvero per chi presenta i sintomi o per persone particolarmente vulnerabili.<\/strong> Adesso ci riuniamo di nuovo con la nostra \u201ccellula di crisi\u201d per organizzarci. Lavoreremo tutta la sera per darvi il feedback domani e vi chiedo scusa se potremo dirvelo solo domani, ma ci \u00e8 necessario del tempo per lavorare e organizzarci al meglio.<\/p>\n<p><strong>(traduzione a cura di Remo Ceccarelli)<\/strong><\/p>\n<p><a href=\"https:\/\/today.rtl.lu\/news\/luxembourg\/a\/1483759.html\">P<\/a>er riascoltare il discorso, cliccate<a href=\"https:\/\/www.youtube.com\/watch?v=a2IIUgJix8c&amp;feature=youtu.be\" target=\"_blank\" rel=\"noopener noreferrer\"> QUI<\/a><\/p>\n","protected":false},"excerpt":{"rendered":"Xavier Bettel Il Governo si \u00e8 riunito di nuovo alle 15 per fare un punto sulla crisi del Covid-19 nel Granducato e annunciamo nuove misure pi\u00f9 severe di quelle attuate finora per cercare di circoscrivere la diffusione del virus. I&hellip;\n","protected":false},"author":2,"featured_media":5585,"comment_status":"closed","ping_status":"closed","sticky":false,"template":"","format":"standard","meta":{"_seopress_robots_primary_cat":"","_seopress_titles_title":"","_seopress_titles_desc":"","_seopress_robots_index":""},"categories":[6999,8487,29],"tags":[],"_links":{"self":[{"href":"https:\/\/passaparola.info\/web\/wp-json\/wp\/v2\/posts\/12249"}],"collection":[{"href":"https:\/\/passaparola.info\/web\/wp-json\/wp\/v2\/posts"}],"about":[{"href":"https:\/\/passaparola.info\/web\/wp-json\/wp\/v2\/types\/post"}],"author":[{"embeddable":true,"href":"https:\/\/passaparola.info\/web\/wp-json\/wp\/v2\/users\/2"}],"replies":[{"embeddable":true,"href":"https:\/\/passaparola.info\/web\/wp-json\/wp\/v2\/comments?post=12249"}],"version-history":[{"count":1,"href":"https:\/\/passaparola.info\/web\/wp-json\/wp\/v2\/posts\/12249\/revisions"}],"predecessor-version":[{"id":15514,"href":"https:\/\/passaparola.info\/web\/wp-json\/wp\/v2\/posts\/12249\/revisions\/15514"}],"wp:featuredmedia":[{"embeddable":true,"href":"https:\/\/passaparola.info\/web\/wp-json\/wp\/v2\/media\/5585"}],"wp:attachment":[{"href":"https:\/\/passaparola.info\/web\/wp-json\/wp\/v2\/media?parent=12249"}],"wp:term":[{"taxonomy":"category","embeddable":true,"href":"https:\/\/passaparola.info\/web\/wp-json\/wp\/v2\/categories?post=12249"},{"taxonomy":"post_tag","embeddable":true,"href":"https:\/\/passaparola.info\/web\/wp-json\/wp\/v2\/tags?post=12249"}],"curies":[{"name":"wp","href":"https:\/\/api.w.org\/{rel}","templated":true}]}}