{"id":12248,"date":"2020-03-15T14:53:55","date_gmt":"2020-03-15T13:53:55","guid":{"rendered":"https:\/\/bleuciel.lu\/passaparola\/2020\/03\/15\/23-19-ncov-i-francesi-di-fronte-alle-loro-responsabilita-individuali-e-collettive\/"},"modified":"2021-06-14T00:56:14","modified_gmt":"2021-06-13T22:56:14","slug":"23-19-ncov-i-francesi-di-fronte-alle-loro-responsabilita-individuali-e-collettive","status":"publish","type":"post","link":"https:\/\/passaparola.info\/web\/2020\/03\/15\/23-19-ncov-i-francesi-di-fronte-alle-loro-responsabilita-individuali-e-collettive\/","title":{"rendered":"23\/19-nCoV: i Francesi di fronte alle loro responsabilit\u00e0 individuali e collettive"},"content":{"rendered":"<p>La Francia conta dal 24 gennaio 2020, 4500 casi di Coronavirus accertati, di cui 300 in condizioni gravi. 91 persone sono morte dall\u2019inizio dell\u2019epidemia. Ieri sera, il primo ministro \u00c9douard Philippe ha confermato che la Francia \u00e9 per numero di casi e velocit\u00e0 di propagazione\u00a0\u00a0 ormai al terzo stadio dell\u2019epidemia, di conseguenza ha disposto\u00a0 la chiusura, fino a nuovo ordine, di tutti i luoghi aperti al pubblico non indispensabili al buon funzionamanto del paese.<\/p>\n<p><strong>Chiusi, dunque, ristoranti, bar, cinema, teatri e discoteche. I luoghi di culto restano aperti ma tutte le cerimonie sono sospese<\/strong>. <strong>Come in Italia anche tutte le attivit\u00e0 commerciali saranno chiuse a partire da lunedi 16, eccezione fatte per i negozi di generi alimentari, le farmacie, le stazioni di servizio, le banche, tabacchini e giornalai.<\/strong><\/p>\n<p><b>Trasporti<\/b><\/p>\n<p><b>\u00a0<\/b>Tutti i trasporti collettivi saranno assicurati dallo Stato, anche gli aeroporti restano aperti, anche se il sottosegretario ai trasporti, J.B. Djebbari, non esclude la chiusura, nei prossimi giorni di alcuni terminali degli aeroporti parigini.<\/p>\n<p>La SNCF (ferrovie dello Stato) diminuir\u00e0 progressivamente il numero dei treni in servizio per scoraggiare i Francesi agli spostamenti extra-urbani. Tutti i vagoni e gli autobus saranno disenfettati di maniera regolare e continua.<\/p>\n<p><b>Scuole\u00a0<\/b><\/p>\n<p>Le scuole di ogni ordine e grado, con tutti i centri\u00a0 periscolari, sono chiusi fino alle vacanze pasquali.<\/p>\n<p>Le famiglie sembrano preoccupate non tanto per il rischio di contagio quanto per la difficolt\u00e0 nel trovare a chi affidare i figli durante gli orari di lavoro.<\/p>\n<p><b>Ipocrisia alla francese<\/b><\/p>\n<p>Il 12 marzo il Presidente Emmanuel Macron ha confermato che le elezioni municipali si terranno regolarmente oggi 15 marzo ed il prossimo 22 marzo per \u00ab<em>\u00a0assicurare la continuit\u00e0 della vita democratica del paese<\/em>\u00a0\u00bb<\/p>\n<p>Sono state comunque predisposte delle misure supplementari per ridurre i risch i di contagio\u00a0:<\/p>\n<p>1)\u00a0\u00a0\u00a0\u00a0 Scegliere orari di bassa affluenza<\/p>\n<p>2)\u00a0\u00a0\u00a0\u00a0 Utilizzare la propria penna e la propria scheda elettorale, ricevuta per posta<\/p>\n<p>3)\u00a0\u00a0\u00a0\u00a0 Rispettare le distanze di sicurezza<\/p>\n<p>Alle 12\u00a0:00 l\u2019affluenza alle urne registrava un netto calo\u00a0: solo il 18,38 dei Francesi si \u00e8 recato ai seggi elettorali, cinque punti percentuali in meno rispetto alle ultime consultazioni.<\/p>\n<p><b>Regione Grand Est<\/b><\/p>\n<p>L\u2019ultimo bollettino dell\u2019agenzia regionale della Salute registrava 1085 casi positivi, 24 decessi.\u00a0 Nella Mosella si contavano 122 persone contagiate. Tutti gli ospedali\u00a0 hanno attivato il piano d\u2019emergenza\u00a0 predisposto per le precedenti epidemie.\u00a0 Gli ospedali privati hanno\u00a0 riservato dei posti letto per i malati Covid19.<\/p>\n<p><b>\u00a0<\/b><b>Clima generale<\/b><\/p>\n<p>L\u2019annuncio delle restrizioni \u00e8 stato accolto con rassegnazione, sembrava ormai ineluttabile .<\/p>\n<p>Ieri i drive dei supermercati hanno registrato un incremento del 100% degli ordini, solo nel Sud della Francia ci sono state code inabituali nei centri commerciali.<\/p>\n<p>\u00abParigi senza i suoi bistrot e terrazze dei caff\u00e9 non sar\u00e0 piu la stessa\u00bb questo \u00e8 il sentimento dei giovani intervistati ieri dalla stampa francese, dopo l\u2019annuncio delle chiusure;\u00a0<i>la movida <\/i>nel quartiere della Bastiglia si \u00e8 bloccata a mezzanotte, attesa in strada con un sonoro conto alla rovescia collettivo,come la notte di capodanno.<\/p>\n<p><b>(a cura di Ornella Piccirillo Hahn, responsabile redazione PassaParola Mag, Francia)<\/b><\/p>\n<p>&nbsp;<\/p>\n<p>&nbsp;<\/p>\n","protected":false},"excerpt":{"rendered":"La Francia conta dal 24 gennaio 2020, 4500 casi di Coronavirus accertati, di cui 300 in condizioni gravi. 91 persone sono morte dall\u2019inizio dell\u2019epidemia. Ieri sera, il primo ministro \u00c9douard Philippe ha confermato che la Francia \u00e9 per numero di&hellip;\n","protected":false},"author":2,"featured_media":5585,"comment_status":"closed","ping_status":"closed","sticky":false,"template":"","format":"standard","meta":{"_seopress_robots_primary_cat":"","_seopress_titles_title":"","_seopress_titles_desc":"","_seopress_robots_index":""},"categories":[6999,8487,29],"tags":[],"_links":{"self":[{"href":"https:\/\/passaparola.info\/web\/wp-json\/wp\/v2\/posts\/12248"}],"collection":[{"href":"https:\/\/passaparola.info\/web\/wp-json\/wp\/v2\/posts"}],"about":[{"href":"https:\/\/passaparola.info\/web\/wp-json\/wp\/v2\/types\/post"}],"author":[{"embeddable":true,"href":"https:\/\/passaparola.info\/web\/wp-json\/wp\/v2\/users\/2"}],"replies":[{"embeddable":true,"href":"https:\/\/passaparola.info\/web\/wp-json\/wp\/v2\/comments?post=12248"}],"version-history":[{"count":1,"href":"https:\/\/passaparola.info\/web\/wp-json\/wp\/v2\/posts\/12248\/revisions"}],"predecessor-version":[{"id":15513,"href":"https:\/\/passaparola.info\/web\/wp-json\/wp\/v2\/posts\/12248\/revisions\/15513"}],"wp:featuredmedia":[{"embeddable":true,"href":"https:\/\/passaparola.info\/web\/wp-json\/wp\/v2\/media\/5585"}],"wp:attachment":[{"href":"https:\/\/passaparola.info\/web\/wp-json\/wp\/v2\/media?parent=12248"}],"wp:term":[{"taxonomy":"category","embeddable":true,"href":"https:\/\/passaparola.info\/web\/wp-json\/wp\/v2\/categories?post=12248"},{"taxonomy":"post_tag","embeddable":true,"href":"https:\/\/passaparola.info\/web\/wp-json\/wp\/v2\/tags?post=12248"}],"curies":[{"name":"wp","href":"https:\/\/api.w.org\/{rel}","templated":true}]}}