{"id":12245,"date":"2020-03-15T10:39:40","date_gmt":"2020-03-15T09:39:40","guid":{"rendered":"https:\/\/bleuciel.lu\/passaparola\/2020\/03\/15\/21-19-ncov-una-petizione-urgente-su-change-org-per-chiudere-caffe-ristoranti-e-locali-notturni-in-lussemburgo-dal-16-al-29-marzo-2020\/"},"modified":"2021-06-14T00:56:14","modified_gmt":"2021-06-13T22:56:14","slug":"21-19-ncov-una-petizione-urgente-su-change-org-per-chiudere-caffe-ristoranti-e-locali-notturni-in-lussemburgo-dal-16-al-29-marzo-2020","status":"publish","type":"post","link":"https:\/\/passaparola.info\/web\/2020\/03\/15\/21-19-ncov-una-petizione-urgente-su-change-org-per-chiudere-caffe-ristoranti-e-locali-notturni-in-lussemburgo-dal-16-al-29-marzo-2020\/","title":{"rendered":"21\/19-nCoV: una petizione urgente su change.org per chiudere caff\u00e8, ristoranti e locali notturni in Lussemburgo dal 16 al 29 marzo 2020"},"content":{"rendered":"<p><strong>IT<\/strong><\/p>\n<p>Martina ATANASOV ha lanciato questa petizione indirizzata ai residenti in Lussemburgo<br \/>\nFirma questa petizione se ritieni che il Lussemburgo debba adottare le stesse misure del Belgio per contenere il virus COVID19 il pi\u00f9 possibile:<\/p>\n<p>&#8211; chiusura di bar, ristoranti e locali notturni dal 16 al 28 marzo 2020 (situazione da rivalutare dopo il 29 marzo)<\/p>\n<p>&#8211; negozi chiusi nei fine settimana nelle stesse date.<\/p>\n<p>Per firmare, clicca\u00a0<strong><a href=\"https:\/\/www.change.org\/p\/r%C3%A9sidents-du-luxembourg-fermeture-des-caf%C3%A9s-restaurants-et-discoth%C3%A8ques-au-luxembourg-du-16-au-29-mars-2020?recruiter=433098246&amp;utm_source=share_petition&amp;utm_medium=facebook&amp;utm_campaign=psf_combo_share_initial&amp;utm_term=psf_combo_share_initial&amp;recruited_by_id=0e9306c0-9200-11e5-b196-cf02674714d5&amp;utm_content=fht-20812245-fr-fr%3Av5\" target=\"_blank\" rel=\"noopener noreferrer\">QUI<\/a><\/strong><\/p>\n<p><strong>FR<\/strong><\/p>\n<p>Martina ATANASOV\u00a0a lanc\u00e9 cette p\u00e9tition adress\u00e9e \u00e0\u00a0R\u00e9sidents du Luxembourg<\/p>\n<div>\n<p>Signer cette p\u00e9tition si vous pensez que le Luxembourg doit prendre les m\u00eames mesures que la Belgique pour contenir au maximum le virus COVID19:<\/p>\n<p>&#8211; fermeture des caf\u00e9s, restaurants et discoth\u00e8ques du 16 au 28 mars 2020 (situation \u00e0 r\u00e9-\u00e9valuer apr\u00e8s le 29)<\/p>\n<p>&#8211; fermeture des boutiques le week-end aux m\u00eames dates.<\/p>\n<p>Signez <a href=\"https:\/\/www.change.org\/p\/r%C3%A9sidents-du-luxembourg-fermeture-des-caf%C3%A9s-restaurants-et-discoth%C3%A8ques-au-luxembourg-du-16-au-29-mars-2020?recruiter=433098246&amp;utm_source=share_petition&amp;utm_medium=facebook&amp;utm_campaign=psf_combo_share_initial&amp;utm_term=psf_combo_share_initial&amp;recruited_by_id=0e9306c0-9200-11e5-b196-cf02674714d5&amp;utm_content=fht-20812245-fr-fr%3Av5\" target=\"_blank\" rel=\"noopener noreferrer\">ICI<\/a><\/p>\n<p><strong><\/strong><\/p>\n<h1 id=\"\"><\/h1>\n<\/div>\n","protected":false},"excerpt":{"rendered":"IT Martina ATANASOV ha lanciato questa petizione indirizzata ai residenti in Lussemburgo Firma questa petizione se ritieni che il Lussemburgo debba adottare le stesse misure del Belgio per contenere il virus COVID19 il pi\u00f9 possibile: &#8211; chiusura di bar, ristoranti&hellip;\n","protected":false},"author":2,"featured_media":5585,"comment_status":"closed","ping_status":"closed","sticky":false,"template":"","format":"standard","meta":{"_seopress_robots_primary_cat":"","_seopress_titles_title":"","_seopress_titles_desc":"","_seopress_robots_index":""},"categories":[6999,8487,29],"tags":[],"_links":{"self":[{"href":"https:\/\/passaparola.info\/web\/wp-json\/wp\/v2\/posts\/12245"}],"collection":[{"href":"https:\/\/passaparola.info\/web\/wp-json\/wp\/v2\/posts"}],"about":[{"href":"https:\/\/passaparola.info\/web\/wp-json\/wp\/v2\/types\/post"}],"author":[{"embeddable":true,"href":"https:\/\/passaparola.info\/web\/wp-json\/wp\/v2\/users\/2"}],"replies":[{"embeddable":true,"href":"https:\/\/passaparola.info\/web\/wp-json\/wp\/v2\/comments?post=12245"}],"version-history":[{"count":1,"href":"https:\/\/passaparola.info\/web\/wp-json\/wp\/v2\/posts\/12245\/revisions"}],"predecessor-version":[{"id":15510,"href":"https:\/\/passaparola.info\/web\/wp-json\/wp\/v2\/posts\/12245\/revisions\/15510"}],"wp:featuredmedia":[{"embeddable":true,"href":"https:\/\/passaparola.info\/web\/wp-json\/wp\/v2\/media\/5585"}],"wp:attachment":[{"href":"https:\/\/passaparola.info\/web\/wp-json\/wp\/v2\/media?parent=12245"}],"wp:term":[{"taxonomy":"category","embeddable":true,"href":"https:\/\/passaparola.info\/web\/wp-json\/wp\/v2\/categories?post=12245"},{"taxonomy":"post_tag","embeddable":true,"href":"https:\/\/passaparola.info\/web\/wp-json\/wp\/v2\/tags?post=12245"}],"curies":[{"name":"wp","href":"https:\/\/api.w.org\/{rel}","templated":true}]}}