{"id":12138,"date":"2019-11-14T08:51:13","date_gmt":"2019-11-14T07:51:13","guid":{"rendered":"https:\/\/bleuciel.lu\/passaparola\/2019\/11\/14\/saint-nicolas-homme-de-paix-et-de-reconciliation\/"},"modified":"2021-06-14T00:55:55","modified_gmt":"2021-06-13T22:55:55","slug":"saint-nicolas-homme-de-paix-et-de-reconciliation","status":"publish","type":"post","link":"https:\/\/passaparola.info\/web\/2019\/11\/14\/saint-nicolas-homme-de-paix-et-de-reconciliation\/","title":{"rendered":"Saint Nicolas : homme de paix et de r\u00e9conciliation"},"content":{"rendered":"<p><b><a href=\"https:\/\/passaparola.info\/web\/wp-content\/uploads\/2020\/09\/saintNicolas_3_nov2019.jpeg\"><img  loading=\"lazy\"  class=\"alignnone size-medium wp-image-24202 aligncenter pk-lazyload\"  alt=\"saintNicolas_3_nov2019\"  src=\"data:image\/png;base64,iVBORw0KGgoAAAANSUhEUgAAAAEAAAABAQMAAAAl21bKAAAAA1BMVEUAAP+KeNJXAAAAAXRSTlMAQObYZgAAAAlwSFlzAAAOxAAADsQBlSsOGwAAAApJREFUCNdjYAAAAAIAAeIhvDMAAAAASUVORK5CYII=\"  width=\"225\"  height=\"300\"  data-pk-sizes=\"auto\"  data-pk-src=\"https:\/\/passaparola.info\/web\/wp-content\/uploads\/2020\/09\/saintNicolas_3_nov2019.jpeg\" ><\/a><\/b><\/p>\n<p><b>Saint Nicolas, c\u2019est un lien entre l\u2019Italie et la France, entre Bari et Saint Nicolas de Port avec des \u00e9changes et des visites entre les deux municipalit\u00e9s et les autorit\u00e9s religieuses respectives. Saint Nicolas c\u2019est aussi un lien entre l\u2019\u00e9glise orthodoxe et l\u2019\u00e9glise catholique, \u00e0 tel point que certains ont imagin\u00e9 un concile de r\u00e9conciliation \u00e0 Bari entre ces deux \u00e9glises chr\u00e9tiennes<\/b><\/p>\n<p>Mais comment un homme, n\u00e9 vers 270 \u00e0 Patare, un port donnant sur la m\u00e9diterran\u00e9e dans le sud de l\u2019actuelle Turquie, est-il devenu un saint c\u00e9l\u00e9br\u00e9 dans toute la Lorraine et bienau-del\u00e0 ? Nous avons pos\u00e9 la question \u00e0 Jean-Fran\u00e7ois Tristchler, Chancelier de la <i>Confr\u00e9rie Saint-Nicolas de Yutz<\/i>, seule confr\u00e9rie d\u00e9di\u00e9e au saint qui ait \u00e9t\u00e9 active en permanence depuis 1650, date de sa fondation. La fameuse l\u00e9gende qui veut qu\u2019il ait sauv\u00e9 trois enfants tu\u00e9s et plong\u00e9s dans un saloir par un boucher, est li\u00e9e \u00e0 l\u2019acquittement, qu\u2019il a obtenu, de trois officiers accus\u00e9s, \u00e0 tort, d\u2019avoir complot\u00e9 contre l\u2019empereur Constantin.<\/p>\n<p>Mort vers 340, il a \u00e9t\u00e9 inhum\u00e9 dans une des \u00e9glises qu\u2019il avait fait construire dans sa ville de Myre dont il \u00e9tait \u00e9v\u00eaque et il est devenu tr\u00e8s vite l\u2019objet d\u2019une grande d\u00e9votion. Le culte de Saint Nicolas s\u2019est r\u00e9pandu dans l\u2019empire byzantin et au-del\u00e0, port\u00e9 par les marins dont il \u00e9tait le saint patron parce qu\u2019il avait n\u00e9goci\u00e9 le d\u00e9chargement d\u2019une cargaison de bl\u00e9 destin\u00e9e aux soldats romains, alors qu\u2019une terrible famine r\u00e9gnait. Saint Nicolas reposait sereinement \u00e0 Myre mais c\u2019\u00e9tait sans compter avec la volont\u00e9 de certaines villes d\u2019avoir les reliques d\u2019un saint prestigieux. Les marins de Bari sont all\u00e9s chercher sa d\u00e9pouille pour la rapporter chez eux, le 9 mai 1087, jour qui deviendra celui de la c\u00e9l\u00e9bration du saint \u00e0 Bari. Les p\u00e8lerins venaient prier le saint au bout de la Via Francigena qui relie Aix-la-Chapelle \u00e0 Bari, avant d\u2019embarquer pour J\u00e9rusalem.<\/p>\n<p>Parmi eux, Aubert de Varang\u00e9ville, aussi appel\u00e9 Albert de Varang\u00e9ville, un chevalier lorrain, connaissait un des gardiens du tombeau, qui lui aussi \u00e9tait lorrain. Il lui a permis d\u2019emporter une relique du saint homme, une phalange. Cette phalange, rapport\u00e9e en Lorraine, a \u00e9t\u00e9 \u00e0 l\u2019origine de nombreux miracles, puis confi\u00e9e \u00e0 l\u2019abb\u00e9 de Gorze qui l\u2019a plac\u00e9e dans une chapelle rapidement devenue trop petite en raison du nombre de fid\u00e8les. Une premi\u00e8re \u00e9glise, puis une deuxi\u00e8me et une troisi\u00e8me plus grande, \u00e9lev\u00e9e plus tard au rang de basilique, ont \u00e9t\u00e9 construites au lieu-dit Port, sur les terres du prieur\u00e9 de Varang\u00e9ville. Et c\u2019est dans la basilique de Saint-Nicolas-de-Port, devenue <b>Capitale Historique de Saint Nicolas<\/b>, que se termine tous les ans, le soir du samedi le plus proche du 6 d\u00e9cembre, jour pr\u00e9sum\u00e9 de la mort de Saint Nicolas, la procession pr\u00e9sid\u00e9e par le ma\u00eetre de<i> la confr\u00e9rie Saint-Nicolas de Yutz<\/i>. Cette ann\u00e9e, pour la premi\u00e8re fois et pendant trois ans, une femme sera ma\u00eetre de la confr\u00e9rie et pr\u00e9sidera la procession.<\/p>\n<p><b>\u00a0Philippe Poivret<\/b><\/p>\n","protected":false},"excerpt":{"rendered":"Saint Nicolas, c\u2019est un lien entre l\u2019Italie et la France, entre Bari et Saint Nicolas de Port avec des \u00e9changes et des visites entre les deux municipalit\u00e9s et les autorit\u00e9s religieuses respectives. Saint Nicolas c\u2019est aussi un lien entre l\u2019\u00e9glise&hellip;\n","protected":false},"author":17,"featured_media":5193,"comment_status":"closed","ping_status":"closed","sticky":false,"template":"","format":"standard","meta":{"_seopress_robots_primary_cat":"","_seopress_titles_title":"","_seopress_titles_desc":"","_seopress_robots_index":""},"categories":[7648,8487,29],"tags":[6795,6796],"_links":{"self":[{"href":"https:\/\/passaparola.info\/web\/wp-json\/wp\/v2\/posts\/12138"}],"collection":[{"href":"https:\/\/passaparola.info\/web\/wp-json\/wp\/v2\/posts"}],"about":[{"href":"https:\/\/passaparola.info\/web\/wp-json\/wp\/v2\/types\/post"}],"author":[{"embeddable":true,"href":"https:\/\/passaparola.info\/web\/wp-json\/wp\/v2\/users\/17"}],"replies":[{"embeddable":true,"href":"https:\/\/passaparola.info\/web\/wp-json\/wp\/v2\/comments?post=12138"}],"version-history":[{"count":1,"href":"https:\/\/passaparola.info\/web\/wp-json\/wp\/v2\/posts\/12138\/revisions"}],"predecessor-version":[{"id":15405,"href":"https:\/\/passaparola.info\/web\/wp-json\/wp\/v2\/posts\/12138\/revisions\/15405"}],"wp:featuredmedia":[{"embeddable":true,"href":"https:\/\/passaparola.info\/web\/wp-json\/wp\/v2\/media\/5193"}],"wp:attachment":[{"href":"https:\/\/passaparola.info\/web\/wp-json\/wp\/v2\/media?parent=12138"}],"wp:term":[{"taxonomy":"category","embeddable":true,"href":"https:\/\/passaparola.info\/web\/wp-json\/wp\/v2\/categories?post=12138"},{"taxonomy":"post_tag","embeddable":true,"href":"https:\/\/passaparola.info\/web\/wp-json\/wp\/v2\/tags?post=12138"}],"curies":[{"name":"wp","href":"https:\/\/api.w.org\/{rel}","templated":true}]}}