{"id":11844,"date":"2018-10-29T18:54:45","date_gmt":"2018-10-29T17:54:45","guid":{"rendered":"https:\/\/bleuciel.lu\/passaparola\/2018\/10\/29\/les-macaronis-2-de-jeff-gelli-presente-a-la-librairie-hisler-even\/"},"modified":"2021-06-14T00:54:58","modified_gmt":"2021-06-13T22:54:58","slug":"les-macaronis-2-de-jeff-gelli-presente-a-la-librairie-hisler-even","status":"publish","type":"post","link":"https:\/\/passaparola.info\/web\/2018\/10\/29\/les-macaronis-2-de-jeff-gelli-presente-a-la-librairie-hisler-even\/","title":{"rendered":"Les macaronis 2 de Jeff Gelli pr\u00e9sent\u00e9 \u00e0 la librairie Hisler-Even"},"content":{"rendered":"<p style=\"text-align: center;\"><a href=\"https:\/\/passaparola.info\/web\/wp-content\/uploads\/2020\/09\/jeff.jpg\"><img  loading=\"lazy\"  class=\"alignnone size-medium wp-image-20750 pk-lazyload\"  alt=\"jeff\"  src=\"data:image\/png;base64,iVBORw0KGgoAAAANSUhEUgAAAAEAAAABAQMAAAAl21bKAAAAA1BMVEUAAP+KeNJXAAAAAXRSTlMAQObYZgAAAAlwSFlzAAAOxAAADsQBlSsOGwAAAApJREFUCNdjYAAAAAIAAeIhvDMAAAAASUVORK5CYII=\"  width=\"225\"  height=\"300\"  data-pk-sizes=\"auto\"  data-pk-src=\"https:\/\/passaparola.info\/web\/wp-content\/uploads\/2020\/09\/jeff.jpg\" ><\/a><\/p>\n<p style=\"text-align: justify;\"><strong>Jeff Gelli<\/strong>, auteur de \u00ab<em>\u00a0Les macaronis\u00a0<\/em>\u00bb, qui raconte l\u2019histoire de sa famille italienne venue d\u2019Italie en France au si\u00e8cle dernier, pour travailler dans la sid\u00e9rurgie lorraine, \u00e9tait le <strong>samedi 27 octobre \u00e0 Metz<\/strong>. <b>Re\u00e7u \u00e0 la librairie Hisler-Even, interview\u00e9 par Nicole Faessel, pr\u00e9sidente de l\u2019association Le LIEN (Les Italiens et Nous), il a pr\u00e9sent\u00e9 le tome deux de son histoire, intitul\u00e9 \u00ab\u00a0Les macaronis 2\u00a0\u00bb (Gerard-louis-\u00e9ditions).<\/b><\/p>\n<p style=\"text-align: justify;\">Jeff Gelli a r\u00e9pondu aux questions que lui a pos\u00e9es Nicole Faessel, lectrice tr\u00e8s attentive de ces deux livres. Si le premier raconte le voyage et l\u2019int\u00e9gration de sa famille en France, ce deuxi\u00e8me tome est plus personnel et raconte son enfance et son adolescence. Dure et difficile furent ces deux p\u00e9riodes de sa vie, marqu\u00e9es par une m\u00e8re peu aimante et un p\u00e8re absent. <strong>L\u2019Italie reste pr\u00e9sente en arri\u00e8re-plan,<\/strong> la critique des ma\u00eetres de forge et de la soci\u00e9t\u00e9 de l\u2019\u00e9poque sont f\u00e9roces et les blessures restent vives dans la m\u00e9moire et le c\u0153ur de Jeff Gelli.<\/p>\n<p style=\"text-align: justify;\">Un livre dans un style vif, tr\u00e8s vivant qui retrace sans rien cacher, les difficult\u00e9s et <strong>les d\u00e9chirures de l\u2019\u00e9migration<\/strong>, bien loin des clich\u00e9s \u00e9dulcor\u00e9s habituels. Geff Gelli a d\u2019ores et d\u00e9j\u00e0 indiqu\u00e9 que le tome trois \u00e9tait d\u00e9j\u00e0 bien avanc\u00e9. A bient\u00f4t donc, Jeff.<\/p>\n<p>Jeff Gelli a fait l\u2019objet d\u2019un article en Italie dans PassaParola de F\u00e9vrier 2018 ( Tanti Italiani fa)<\/p>\n<p><strong>Philippe Poivret<\/strong><\/p>\n","protected":false},"excerpt":{"rendered":"Jeff Gelli, auteur de \u00ab\u00a0Les macaronis\u00a0\u00bb, qui raconte l\u2019histoire de sa famille italienne venue d\u2019Italie en France au si\u00e8cle dernier, pour travailler dans la sid\u00e9rurgie lorraine, \u00e9tait le samedi 27 octobre \u00e0 Metz. Re\u00e7u \u00e0 la librairie Hisler-Even, interview\u00e9 par&hellip;\n","protected":false},"author":2,"featured_media":4527,"comment_status":"closed","ping_status":"closed","sticky":false,"template":"","format":"standard","meta":{"_seopress_robots_primary_cat":"","_seopress_titles_title":"","_seopress_titles_desc":"","_seopress_robots_index":""},"categories":[7648],"tags":[],"_links":{"self":[{"href":"https:\/\/passaparola.info\/web\/wp-json\/wp\/v2\/posts\/11844"}],"collection":[{"href":"https:\/\/passaparola.info\/web\/wp-json\/wp\/v2\/posts"}],"about":[{"href":"https:\/\/passaparola.info\/web\/wp-json\/wp\/v2\/types\/post"}],"author":[{"embeddable":true,"href":"https:\/\/passaparola.info\/web\/wp-json\/wp\/v2\/users\/2"}],"replies":[{"embeddable":true,"href":"https:\/\/passaparola.info\/web\/wp-json\/wp\/v2\/comments?post=11844"}],"version-history":[{"count":1,"href":"https:\/\/passaparola.info\/web\/wp-json\/wp\/v2\/posts\/11844\/revisions"}],"predecessor-version":[{"id":15132,"href":"https:\/\/passaparola.info\/web\/wp-json\/wp\/v2\/posts\/11844\/revisions\/15132"}],"wp:featuredmedia":[{"embeddable":true,"href":"https:\/\/passaparola.info\/web\/wp-json\/wp\/v2\/media\/4527"}],"wp:attachment":[{"href":"https:\/\/passaparola.info\/web\/wp-json\/wp\/v2\/media?parent=11844"}],"wp:term":[{"taxonomy":"category","embeddable":true,"href":"https:\/\/passaparola.info\/web\/wp-json\/wp\/v2\/categories?post=11844"},{"taxonomy":"post_tag","embeddable":true,"href":"https:\/\/passaparola.info\/web\/wp-json\/wp\/v2\/tags?post=11844"}],"curies":[{"name":"wp","href":"https:\/\/api.w.org\/{rel}","templated":true}]}}