{"id":11766,"date":"2018-08-29T09:38:04","date_gmt":"2018-08-29T07:38:04","guid":{"rendered":"https:\/\/bleuciel.lu\/passaparola\/2018\/08\/29\/meteo-e-tempo-di-preparare-ombrello-e-impermeabile\/"},"modified":"2021-06-14T00:54:42","modified_gmt":"2021-06-13T22:54:42","slug":"meteo-e-tempo-di-preparare-ombrello-e-impermeabile","status":"publish","type":"post","link":"https:\/\/passaparola.info\/web\/2018\/08\/29\/meteo-e-tempo-di-preparare-ombrello-e-impermeabile\/","title":{"rendered":"Meteo, \u00e8 tempo di preparare ombrello e impermeabile"},"content":{"rendered":"<p style=\"text-align: center;\"><a href=\"https:\/\/passaparola.info\/web\/wp-content\/uploads\/2020\/09\/temporali.jpg\"><img  loading=\"lazy\"  class=\"alignnone size-medium wp-image-19856 pk-lazyload\"  alt=\"temporali\"  src=\"data:image\/png;base64,iVBORw0KGgoAAAANSUhEUgAAAAEAAAABAQMAAAAl21bKAAAAA1BMVEUAAP+KeNJXAAAAAXRSTlMAQObYZgAAAAlwSFlzAAAOxAAADsQBlSsOGwAAAApJREFUCNdjYAAAAAIAAeIhvDMAAAAASUVORK5CYII=\"  width=\"300\"  height=\"119\"  data-pk-sizes=\"auto\"  data-pk-src=\"https:\/\/passaparola.info\/web\/wp-content\/uploads\/2020\/09\/temporali.jpg\" ><\/a><\/p>\n<p>E&#8217; tempo di tirare fuori ombrelli e impermeabili. <strong>Il grande calore di questa estate volge ormai al termine nel Granducato con la chiusura di quasi tutte le piscine all&#8217;aria aperta prevista per questo week end. Intanto oggi MeteoLux lancia allerta temporali su tutto il territorio del Lussemburgo<\/strong>.\u00a0\u00a0Si temono raffiche di vento fino a 70 km\/h e forti accumuli di precipitazioni dalle 11 alle 23. A seguire il tempo dovrebbe stabilizzarsi nella notte e nella giornata di gioved\u00ec. <strong>Un&#8217;estate, questa lussemburghese 2018, molto soleggiata, molto secca e molto calda<\/strong>.\u00a0Le temperature medie per i mesi di giugno e luglio sono state\u00a0al di sopra della media triennale mentre un mese di agosto pi\u00f9 caldo di quest&#8217;ultimo, \u00e8 stato registrato solo nel 2003, fa sapere MeteoLux. Con soli 24 giorni totali di pioggia, l&#8217;estate 2018 \u00e8 bel al disotto della media di precipitazioni degli scorsi anni.\u00a0\u00a0Dopo un breve calo delle temperature di questi giorni, le temperature massime previste per i prossimi giorni\u00a0dovrebbero oscillare tra i 22 \u00b0C e i 25 \u00b0C. <strong>Fino alla fine del mese quindi mettete l&#8217;ombrello in borsa, il tempo sar\u00e0 variabile con\u00a0temperature ancora estive ma con rovesci improvvisi.<\/strong><\/p>\n<p><strong>Stella Emolo<\/strong><\/p>\n","protected":false},"excerpt":{"rendered":"E&#8217; tempo di tirare fuori ombrelli e impermeabili. Il grande calore di questa estate volge ormai al termine nel Granducato con la chiusura di quasi tutte le piscine all&#8217;aria aperta prevista per questo week end. Intanto oggi MeteoLux lancia allerta&hellip;\n","protected":false},"author":17,"featured_media":4355,"comment_status":"closed","ping_status":"closed","sticky":false,"template":"","format":"standard","meta":{"_seopress_robots_primary_cat":"","_seopress_titles_title":"","_seopress_titles_desc":"","_seopress_robots_index":""},"categories":[4316,29],"tags":[5000,5231,5232,5129,5233,5234],"_links":{"self":[{"href":"https:\/\/passaparola.info\/web\/wp-json\/wp\/v2\/posts\/11766"}],"collection":[{"href":"https:\/\/passaparola.info\/web\/wp-json\/wp\/v2\/posts"}],"about":[{"href":"https:\/\/passaparola.info\/web\/wp-json\/wp\/v2\/types\/post"}],"author":[{"embeddable":true,"href":"https:\/\/passaparola.info\/web\/wp-json\/wp\/v2\/users\/17"}],"replies":[{"embeddable":true,"href":"https:\/\/passaparola.info\/web\/wp-json\/wp\/v2\/comments?post=11766"}],"version-history":[{"count":1,"href":"https:\/\/passaparola.info\/web\/wp-json\/wp\/v2\/posts\/11766\/revisions"}],"predecessor-version":[{"id":15057,"href":"https:\/\/passaparola.info\/web\/wp-json\/wp\/v2\/posts\/11766\/revisions\/15057"}],"wp:featuredmedia":[{"embeddable":true,"href":"https:\/\/passaparola.info\/web\/wp-json\/wp\/v2\/media\/4355"}],"wp:attachment":[{"href":"https:\/\/passaparola.info\/web\/wp-json\/wp\/v2\/media?parent=11766"}],"wp:term":[{"taxonomy":"category","embeddable":true,"href":"https:\/\/passaparola.info\/web\/wp-json\/wp\/v2\/categories?post=11766"},{"taxonomy":"post_tag","embeddable":true,"href":"https:\/\/passaparola.info\/web\/wp-json\/wp\/v2\/tags?post=11766"}],"curies":[{"name":"wp","href":"https:\/\/api.w.org\/{rel}","templated":true}]}}