{"id":11765,"date":"2018-08-29T09:05:48","date_gmt":"2018-08-29T07:05:48","guid":{"rendered":"https:\/\/bleuciel.lu\/passaparola\/2018\/08\/29\/litalie-au-livre-sur-la-place-a-nancy\/"},"modified":"2021-06-14T00:54:42","modified_gmt":"2021-06-13T22:54:42","slug":"litalie-au-livre-sur-la-place-a-nancy","status":"publish","type":"post","link":"https:\/\/passaparola.info\/web\/2018\/08\/29\/litalie-au-livre-sur-la-place-a-nancy\/","title":{"rendered":"L&#8217;Italie au &#8220;Livre sur la place&#8221; \u00e0 Nancy"},"content":{"rendered":"<p style=\"text-align: center;\"><a href=\"https:\/\/passaparola.info\/web\/wp-content\/uploads\/2020\/09\/nancy1.jpg\"><img  loading=\"lazy\"  class=\"alignnone size-medium wp-image-19849 pk-lazyload\"  alt=\"nancy\"  src=\"data:image\/png;base64,iVBORw0KGgoAAAANSUhEUgAAASwAAADIAQMAAABoEU4WAAAAA1BMVEUAAP+KeNJXAAAAAXRSTlMAQObYZgAAAAlwSFlzAAAOxAAADsQBlSsOGwAAAB5JREFUWMPtwTEBAAAAwqD1T20Hb6AAAAAAAAAA4DceeAABFyjdmQAAAABJRU5ErkJggg==\"  width=\"300\"  height=\"200\"  data-pk-sizes=\"auto\"  data-pk-src=\"https:\/\/passaparola.info\/web\/wp-content\/uploads\/2020\/09\/nancy1.jpg\" ><\/a><\/p>\n<p><b>Du 7 au 9 septembre \u00e0 Nancy, \u00ab <a href=\"http:\/\/www.lelivresurlaplace.fr\/\" target=\"_blank\" rel=\"noopener noreferrer\">Le livre sur la place<\/a>\u00a0\u00bb nous donne l\u2019occasion de discuter avec des auteurs italiens ou d\u2019origine italienne<\/b>. C\u2019est la quaranti\u00e8me \u00e9dition de cette manifestation qui est une des plus importantes du genre en France. Plus de 600 auteurs seront pr\u00e9sents parmi lesquels\u00a0:<\/p>\n<p><b>Jeff Gelli<\/b> qui vient pr\u00e9senter\u00a0\u00ab\u00a0Les macaronis 2 : le temps de l&#8217;enfance et des ann\u00e9es de fer\u00a0\u00bb\u00a0qui raconte l\u2019histoire de sa famille venue travailler en France au si\u00e8cle dernier. Livre tr\u00e8s personnel qui fait suite \u00e0 \u00ab\u00a0Macaronis\u00a0\u00bb dont nous avons parl\u00e9 dans la rubrique Tanti Italiani Fa de f\u00e9vrier 2018<\/p>\n<p><b>Simonetta Greggio<\/b>, italienne qui vit en France et \u00e9crit en fran\u00e7ais, vient pr\u00e9senter\u00a0\u00ab\u00a0Elsa mon amour\u00bb qui est une sorte de biographie de Elsa Morante. Nous en parlerons dans la rubrique Lire et Relire du num\u00e9ro d\u2019octobre de PassaParola. Elle a \u00e9t\u00e9 l\u2019invit\u00e9 d\u2019honneur d\u2019Italire en2014<\/p>\n<p><b>Alberto Toscano<\/b>, \u00e9crivain et journaliste que l\u2019on a pu voir \u00e0 Verdun au centre mondial de la paix pour l\u2019exposition \u00ab\u00a0de la guerre mondiale \u00e0 la paix europ\u00e9enne\u00a0\u00bb ouverte jusqu\u2019au 20 d\u00e9cembre2018 (cf le num\u00e9ro de juin de PassaParola) pour \u00ab\u00a0un v\u00e9lo contre la barbarie nazie\u00a0\u00bb<\/p>\n<p><b>Aur\u00e9lie Filippetti<\/b>, ex ministre de la culture, fi\u00e8re de ses origines italiennes, invit\u00e9e d\u2019honneur de Italire en 2013 pour \u00ab\u00a0Les id\u00e9aux\u00a0\u00bb<\/p>\n<p><b>Philippe Poivret\u00a0<\/b><\/p>\n","protected":false},"excerpt":{"rendered":"Du 7 au 9 septembre \u00e0 Nancy, \u00ab Le livre sur la place\u00a0\u00bb nous donne l\u2019occasion de discuter avec des auteurs italiens ou d\u2019origine italienne. C\u2019est la quaranti\u00e8me \u00e9dition de cette manifestation qui est une des plus importantes du genre&hellip;\n","protected":false},"author":2,"featured_media":4353,"comment_status":"closed","ping_status":"closed","sticky":false,"template":"","format":"standard","meta":{"_seopress_robots_primary_cat":"","_seopress_titles_title":"","_seopress_titles_desc":"","_seopress_robots_index":""},"categories":[39,7648],"tags":[],"_links":{"self":[{"href":"https:\/\/passaparola.info\/web\/wp-json\/wp\/v2\/posts\/11765"}],"collection":[{"href":"https:\/\/passaparola.info\/web\/wp-json\/wp\/v2\/posts"}],"about":[{"href":"https:\/\/passaparola.info\/web\/wp-json\/wp\/v2\/types\/post"}],"author":[{"embeddable":true,"href":"https:\/\/passaparola.info\/web\/wp-json\/wp\/v2\/users\/2"}],"replies":[{"embeddable":true,"href":"https:\/\/passaparola.info\/web\/wp-json\/wp\/v2\/comments?post=11765"}],"version-history":[{"count":1,"href":"https:\/\/passaparola.info\/web\/wp-json\/wp\/v2\/posts\/11765\/revisions"}],"predecessor-version":[{"id":15056,"href":"https:\/\/passaparola.info\/web\/wp-json\/wp\/v2\/posts\/11765\/revisions\/15056"}],"wp:featuredmedia":[{"embeddable":true,"href":"https:\/\/passaparola.info\/web\/wp-json\/wp\/v2\/media\/4353"}],"wp:attachment":[{"href":"https:\/\/passaparola.info\/web\/wp-json\/wp\/v2\/media?parent=11765"}],"wp:term":[{"taxonomy":"category","embeddable":true,"href":"https:\/\/passaparola.info\/web\/wp-json\/wp\/v2\/categories?post=11765"},{"taxonomy":"post_tag","embeddable":true,"href":"https:\/\/passaparola.info\/web\/wp-json\/wp\/v2\/tags?post=11765"}],"curies":[{"name":"wp","href":"https:\/\/api.w.org\/{rel}","templated":true}]}}