{"id":11562,"date":"2017-11-14T21:34:17","date_gmt":"2017-11-14T20:34:17","guid":{"rendered":"https:\/\/bleuciel.lu\/passaparola\/2017\/11\/14\/stopviolenceagainstwomen-25-november-marcheorange\/"},"modified":"2021-06-14T00:54:01","modified_gmt":"2021-06-13T22:54:01","slug":"stopviolenceagainstwomen-25-november-marcheorange","status":"publish","type":"post","link":"https:\/\/passaparola.info\/web\/2017\/11\/14\/stopviolenceagainstwomen-25-november-marcheorange\/","title":{"rendered":"#StopViolenceAgainstWomen: 25 november #MarcheOrange"},"content":{"rendered":"<div>\n<div>\n<div>\n<div><\/div>\n<div style=\"text-align: center;\"><a href=\"https:\/\/passaparola.info\/web\/wp-content\/uploads\/2020\/09\/violence.png\"><img  loading=\"lazy\"  class=\"alignnone size-medium wp-image-17196 pk-lazyload\"  alt=\"violence\"  src=\"data:image\/png;base64,iVBORw0KGgoAAAANSUhEUgAAAAEAAAABAQMAAAAl21bKAAAAA1BMVEUAAP+KeNJXAAAAAXRSTlMAQObYZgAAAAlwSFlzAAAOxAAADsQBlSsOGwAAAApJREFUCNdjYAAAAAIAAeIhvDMAAAAASUVORK5CYII=\"  width=\"300\"  height=\"118\"  data-pk-sizes=\"auto\"  data-pk-src=\"https:\/\/passaparola.info\/web\/wp-content\/uploads\/2020\/09\/violence.png\" ><\/a><\/div>\n<div><\/div>\n<div>Durant la semaine du 19 au 26 novembre 2017\u00a0 debutera la premi\u00e8re \u00e9dition de l\u2019<b>ORANGE WEEK\u00a0<\/b>. Cette campagne est organis\u00e9e par le <strong>Minist\u00e8re de l\u2019Egalit\u00e9 des chances<\/strong> et la section luxembourgeoise du ZONTA INTERNATIONAL avec toute une s\u00e9rie de manifestations, conf\u00e9rences, expositions, d\u00e9bats publics et formations au sujet de la lutte contre la violence \u00e0 l\u2019\u00e9gard des femmes. 40 associations, organisations, institutions publiques, entreprises et banques se sont ralli\u00e9es \u00e0 cette initiative.<\/div>\n<\/div>\n<\/div>\n<\/div>\n<div>\n<div><strong>Le point culminant sera la\u00a0MARCHE ORANGE\u00a0du 25 novembre 2017 qui prendra son d\u00e9part \u00e0 11.00 heures au Parking Glacis pour se diriger devant la Chambre des D\u00e9put\u00e9s pour la manifestation finale.<\/strong><\/div>\n<div><\/div>\n<\/div>\n<div><a href=\"http:\/\/www.mega.public.lu\/fr\/actualites\/2017\/09\/Oranger-le-Luxembourg-pour-lutter-contre-les-violences-faites-aux-femmes\/index.html\" target=\"_blank\" rel=\"noopener noreferrer\"><span style=\"color: #808000;\"><strong>Infos<\/strong><\/span><\/a><\/div>\n","protected":false},"excerpt":{"rendered":"Durant la semaine du 19 au 26 novembre 2017\u00a0 debutera la premi\u00e8re \u00e9dition de l\u2019ORANGE WEEK\u00a0. Cette campagne est organis\u00e9e par le Minist\u00e8re de l\u2019Egalit\u00e9 des chances et la section luxembourgeoise du ZONTA INTERNATIONAL avec toute une s\u00e9rie de manifestations,&hellip;\n","protected":false},"author":2,"featured_media":3868,"comment_status":"closed","ping_status":"closed","sticky":false,"template":"","format":"standard","meta":{"_seopress_robots_primary_cat":"","_seopress_titles_title":"","_seopress_titles_desc":"","_seopress_robots_index":""},"categories":[39,8487,29],"tags":[4398,4399,4400,4401],"_links":{"self":[{"href":"https:\/\/passaparola.info\/web\/wp-json\/wp\/v2\/posts\/11562"}],"collection":[{"href":"https:\/\/passaparola.info\/web\/wp-json\/wp\/v2\/posts"}],"about":[{"href":"https:\/\/passaparola.info\/web\/wp-json\/wp\/v2\/types\/post"}],"author":[{"embeddable":true,"href":"https:\/\/passaparola.info\/web\/wp-json\/wp\/v2\/users\/2"}],"replies":[{"embeddable":true,"href":"https:\/\/passaparola.info\/web\/wp-json\/wp\/v2\/comments?post=11562"}],"version-history":[{"count":1,"href":"https:\/\/passaparola.info\/web\/wp-json\/wp\/v2\/posts\/11562\/revisions"}],"predecessor-version":[{"id":14861,"href":"https:\/\/passaparola.info\/web\/wp-json\/wp\/v2\/posts\/11562\/revisions\/14861"}],"wp:featuredmedia":[{"embeddable":true,"href":"https:\/\/passaparola.info\/web\/wp-json\/wp\/v2\/media\/3868"}],"wp:attachment":[{"href":"https:\/\/passaparola.info\/web\/wp-json\/wp\/v2\/media?parent=11562"}],"wp:term":[{"taxonomy":"category","embeddable":true,"href":"https:\/\/passaparola.info\/web\/wp-json\/wp\/v2\/categories?post=11562"},{"taxonomy":"post_tag","embeddable":true,"href":"https:\/\/passaparola.info\/web\/wp-json\/wp\/v2\/tags?post=11562"}],"curies":[{"name":"wp","href":"https:\/\/api.w.org\/{rel}","templated":true}]}}